{"id":6841,"date":"2025-10-25T14:00:00","date_gmt":"2025-10-25T17:00:00","guid":{"rendered":"https:\/\/diariodepernambuco.audiencelabs.com.br\/?p=6841"},"modified":"2025-10-21T20:31:21","modified_gmt":"2025-10-21T23:31:21","slug":"cidade-do-interior-oferece-o-aluguel-mais-barato-do-brasil","status":"publish","type":"post","link":"https:\/\/diariodepernambuco.audiencelabs.com.br\/cidade-do-interior-oferece-o-aluguel-mais-barato-do-brasil\/","title":{"rendered":"Cidade do interior oferece o aluguel mais barato do Brasil"},"content":{"rendered":"\n<p>Pelotas, no interior do Rio Grande do Sul, vem se destacando por um motivo que chama a aten\u00e7\u00e3o de quem busca qualidade de vida com custo acess\u00edvel: a cidade oferece o aluguel mais barato do Brasil. Com boa infraestrutura urbana, forte presen\u00e7a universit\u00e1ria e charme hist\u00f3rico, o munic\u00edpio combina tranquilidade t\u00edpica do interior com oportunidades crescentes.<\/p>\n\n\n\n<p>De acordo com levantamentos recentes do mercado imobili\u00e1rio, o valor m\u00e9dio do aluguel em Pelotas \u00e9 significativamente inferior ao registrado em grandes centros urbanos. Enquanto nas capitais o pre\u00e7o de um apartamento de um quarto ultrapassa facilmente os R$ 2.000, na cidade ga\u00facha \u00e9 poss\u00edvel encontrar im\u00f3veis semelhantes por menos da metade desse valor.<\/p>\n\n\n\n<p>Essa diferen\u00e7a tem atra\u00eddo novos moradores, especialmente estudantes da Universidade Federal de Pelotas (UFPel) e profissionais em busca de uma vida mais econ\u00f4mica. Al\u00e9m dos alugu\u00e9is acess\u00edveis, Pelotas se destaca pela qualidade de vida.<\/p>\n\n\n\n<p>A cidade oferece ampla oferta de servi\u00e7os, boa mobilidade urbana e uma rica cena cultural, marcada por caf\u00e9s, teatros e eventos tradicionais, como a Fenadoce. Com custos menores e um ambiente acolhedor, o munic\u00edpio se consolida como uma das melhores op\u00e7\u00f5es do pa\u00eds para quem quer morar bem gastando pouco.<\/p>\n\n\n\n<h2 class=\"wp-block-heading\">As cidades brasileiras com os alugu\u00e9is mais baratos<\/h2>\n\n\n\n<ol class=\"wp-block-list\">\n<li>Pelotas (RS) \u2013 valor m\u00e9dio de R$ 17,59\/m\u00b2<\/li>\n\n\n\n<li>S\u00e3o\u202fJos\u00e9\u202fdo\u202fRio\u202fPreto (SP) \u2013 em torno de R$ 21,83\/m\u00b2<\/li>\n\n\n\n<li>Ribeir\u00e3o\u202fPreto (SP) \u2013 m\u00e9dia de R$ 23,82\/m\u00b2<\/li>\n\n\n\n<li>Niter\u00f3i (RJ) \u2013 cerca de R$ 26,81\/m\u00b2<\/li>\n\n\n\n<li>Fortaleza (CE) \u2013 m\u00e9dia aproximada de R$ 28,36\/m\u00b2<\/li>\n\n\n\n<li>Joinville (SC) &#8211; cerca de 28,39 R$\/m\u00b2<\/li>\n\n\n\n<li>S\u00e3o\u202fBernardo\u202fdo\u202fCampo (SP) &#8211; em torno de 29,76 R$\/m\u00b2<\/li>\n\n\n\n<li>Porto Alegre (RS) &#8211; m\u00e9dia de 31,67 R$\/m\u00b2<\/li>\n\n\n\n<li>Salvador (BA) &#8211; valor m\u00e9dio de 33,10 R$\/m\u00b2<\/li>\n\n\n\n<li>Guarulhos (SP) &#8211; cerca de 33,52 R$\/m\u00b2<\/li>\n<\/ol>\n","protected":false},"excerpt":{"rendered":"<p>Pelotas, no interior do Rio Grande do Sul, vem se destacando por um motivo que chama a aten\u00e7\u00e3o de quem busca qualidade de vida com custo acess\u00edvel: a cidade oferece o aluguel mais barato do Brasil. Com boa infraestrutura urbana, forte presen\u00e7a universit\u00e1ria e charme hist\u00f3rico, o munic\u00edpio combina tranquilidade t\u00edpica do interior com oportunidades [&hellip;]<\/p>\n","protected":false},"author":4,"featured_media":6844,"comment_status":"open","ping_status":"open","sticky":false,"template":"","format":"standard","meta":{"jnews-multi-image_gallery":[],"jnews_single_post":{"format":"standard"},"jnews_primary_category":[],"jnews_social_meta":[],"jnews_post_split":[],"footnotes":""},"categories":[1],"tags":[],"class_list":["post-6841","post","type-post","status-publish","format-standard","has-post-thumbnail","hentry","category-uncategorized"],"_links":{"self":[{"href":"https:\/\/diariodepernambuco.audiencelabs.com.br\/wp-json\/wp\/v2\/posts\/6841","targetHints":{"allow":["GET"]}}],"collection":[{"href":"https:\/\/diariodepernambuco.audiencelabs.com.br\/wp-json\/wp\/v2\/posts"}],"about":[{"href":"https:\/\/diariodepernambuco.audiencelabs.com.br\/wp-json\/wp\/v2\/types\/post"}],"author":[{"embeddable":true,"href":"https:\/\/diariodepernambuco.audiencelabs.com.br\/wp-json\/wp\/v2\/users\/4"}],"replies":[{"embeddable":true,"href":"https:\/\/diariodepernambuco.audiencelabs.com.br\/wp-json\/wp\/v2\/comments?post=6841"}],"version-history":[{"count":2,"href":"https:\/\/diariodepernambuco.audiencelabs.com.br\/wp-json\/wp\/v2\/posts\/6841\/revisions"}],"predecessor-version":[{"id":6846,"href":"https:\/\/diariodepernambuco.audiencelabs.com.br\/wp-json\/wp\/v2\/posts\/6841\/revisions\/6846"}],"wp:featuredmedia":[{"embeddable":true,"href":"https:\/\/diariodepernambuco.audiencelabs.com.br\/wp-json\/wp\/v2\/media\/6844"}],"wp:attachment":[{"href":"https:\/\/diariodepernambuco.audiencelabs.com.br\/wp-json\/wp\/v2\/media?parent=6841"}],"wp:term":[{"taxonomy":"category","embeddable":true,"href":"https:\/\/diariodepernambuco.audiencelabs.com.br\/wp-json\/wp\/v2\/categories?post=6841"},{"taxonomy":"post_tag","embeddable":true,"href":"https:\/\/diariodepernambuco.audiencelabs.com.br\/wp-json\/wp\/v2\/tags?post=6841"}],"curies":[{"name":"wp","href":"https:\/\/api.w.org\/{rel}","templated":true}]}}