{"id":6889,"date":"2025-10-23T12:30:00","date_gmt":"2025-10-23T15:30:00","guid":{"rendered":"https:\/\/diariodepernambuco.audiencelabs.com.br\/?p=6889"},"modified":"2025-10-22T12:54:18","modified_gmt":"2025-10-22T15:54:18","slug":"feriados-nacionais-vao-dar-folgas-esticadas-e-descanso-merecido-em-2026","status":"publish","type":"post","link":"https:\/\/diariodepernambuco.audiencelabs.com.br\/feriados-nacionais-vao-dar-folgas-esticadas-e-descanso-merecido-em-2026\/","title":{"rendered":"Feriados nacionais v\u00e3o dar folgas esticadas e descanso merecido em 2026"},"content":{"rendered":"\n<p>O ano de 2026 promete momentos de descanso prolongado para os brasileiros, com diversos feriados nacionais caindo em dias estrat\u00e9gicos que permitem aproveitar finais de semana estendidos. Essas datas oferecem a oportunidade ideal para viagens, lazer e recupera\u00e7\u00e3o do ritmo de trabalho, garantindo um descanso merecido ao longo do ano.<\/p>\n\n\n\n<p>Entre os feriados que prometem \u201cemendar\u201d com finais de semana est\u00e3o o Carnaval, a Semana Santa e o Dia da Independ\u00eancia. Embora o Carnaval n\u00e3o seja oficialmente um feriado nacional, muitas cidades concedem ponto facultativo, permitindo que trabalhadores aproveitem longos per\u00edodos de folga.<\/p>\n\n\n\n<p>J\u00e1 a Semana Santa, com a Sexta-feira Santa, e o Dia da Independ\u00eancia, comemorado em 7 de setembro, caindo em dias pr\u00f3ximos ao fim de semana, garantem oportunidades para viagens curtas ou encontros em fam\u00edlia.<\/p>\n\n\n\n<p>Al\u00e9m dessas datas, feriados como o Dia do Trabalho (1\u00ba de maio) e o Dia de Finados (2 de novembro) tamb\u00e9m caem pr\u00f3ximos a finais de semana em 2026, aumentando a chance de criar feriad\u00f5es. Para quem deseja viajar, os feriados prolongados oferecem vantagens log\u00edsticas e financeiras.<\/p>\n\n\n\n<p>Com anteced\u00eancia, \u00e9 poss\u00edvel garantir passagens e hospedagens a pre\u00e7os mais acess\u00edveis, al\u00e9m de aproveitar a menor movimenta\u00e7\u00e3o em determinados destinos. J\u00e1 para quem prefere ficar na cidade, os feriados esticados representam momentos ideais para lazer, cuidados pessoais e conviv\u00eancia com amigos e familiares, fortalecendo o equil\u00edbrio entre vida pessoal e profissional.<\/p>\n\n\n\n<h2 class=\"wp-block-heading\">Lista de feriados nacionais em 2026<\/h2>\n\n\n\n<ul class=\"wp-block-list\">\n<li>Confraterniza\u00e7\u00e3o Universal \u2013 1\u00ba de janeiro (quinta-feira)<\/li>\n\n\n\n<li>Carnaval \u2013 17 de fevereiro (ter\u00e7a-feira) \u2013 ponto facultativo<\/li>\n\n\n\n<li>Quarta-feira de Cinzas \u2013 18 de fevereiro (quarta-feira) \u2013 ponto facultativo at\u00e9 meio-dia<\/li>\n\n\n\n<li>Sexta-feira Santa (Paix\u00e3o de Cristo) \u2013 3 de abril (sexta-feira)<\/li>\n\n\n\n<li>Tiradentes \u2013 21 de abril (ter\u00e7a-feira)<\/li>\n\n\n\n<li>Dia do Trabalho \u2013 1\u00ba de maio (sexta-feira)<\/li>\n\n\n\n<li>Corpus Christi \u2013 4 de junho (quinta-feira) \u2013 ponto facultativo<\/li>\n\n\n\n<li>Independ\u00eancia do Brasil \u2013 7 de setembro (segunda-feira)<\/li>\n\n\n\n<li>Nossa Senhora Aparecida \u2013 12 de outubro (segunda-feira)<\/li>\n\n\n\n<li>Finados \u2013 2 de novembro (segunda-feira)<\/li>\n\n\n\n<li>Proclama\u00e7\u00e3o da Rep\u00fablica \u2013 15 de novembro (domingo)<\/li>\n\n\n\n<li>Natal \u2013 25 de dezembro (sexta-feira)<\/li>\n<\/ul>\n\n\n\n<p><\/p>\n","protected":false},"excerpt":{"rendered":"<p>O ano de 2026 promete momentos de descanso prolongado para os brasileiros, com diversos feriados nacionais caindo em dias estrat\u00e9gicos que permitem aproveitar finais de semana estendidos. Essas datas oferecem a oportunidade ideal para viagens, lazer e recupera\u00e7\u00e3o do ritmo de trabalho, garantindo um descanso merecido ao longo do ano. Entre os feriados que prometem [&hellip;]<\/p>\n","protected":false},"author":4,"featured_media":3369,"comment_status":"open","ping_status":"open","sticky":false,"template":"","format":"standard","meta":{"jnews-multi-image_gallery":[],"jnews_single_post":{"format":"standard"},"jnews_primary_category":[],"jnews_social_meta":[],"jnews_post_split":[],"footnotes":""},"categories":[1],"tags":[],"class_list":["post-6889","post","type-post","status-publish","format-standard","has-post-thumbnail","hentry","category-uncategorized"],"_links":{"self":[{"href":"https:\/\/diariodepernambuco.audiencelabs.com.br\/wp-json\/wp\/v2\/posts\/6889","targetHints":{"allow":["GET"]}}],"collection":[{"href":"https:\/\/diariodepernambuco.audiencelabs.com.br\/wp-json\/wp\/v2\/posts"}],"about":[{"href":"https:\/\/diariodepernambuco.audiencelabs.com.br\/wp-json\/wp\/v2\/types\/post"}],"author":[{"embeddable":true,"href":"https:\/\/diariodepernambuco.audiencelabs.com.br\/wp-json\/wp\/v2\/users\/4"}],"replies":[{"embeddable":true,"href":"https:\/\/diariodepernambuco.audiencelabs.com.br\/wp-json\/wp\/v2\/comments?post=6889"}],"version-history":[{"count":2,"href":"https:\/\/diariodepernambuco.audiencelabs.com.br\/wp-json\/wp\/v2\/posts\/6889\/revisions"}],"predecessor-version":[{"id":6891,"href":"https:\/\/diariodepernambuco.audiencelabs.com.br\/wp-json\/wp\/v2\/posts\/6889\/revisions\/6891"}],"wp:featuredmedia":[{"embeddable":true,"href":"https:\/\/diariodepernambuco.audiencelabs.com.br\/wp-json\/wp\/v2\/media\/3369"}],"wp:attachment":[{"href":"https:\/\/diariodepernambuco.audiencelabs.com.br\/wp-json\/wp\/v2\/media?parent=6889"}],"wp:term":[{"taxonomy":"category","embeddable":true,"href":"https:\/\/diariodepernambuco.audiencelabs.com.br\/wp-json\/wp\/v2\/categories?post=6889"},{"taxonomy":"post_tag","embeddable":true,"href":"https:\/\/diariodepernambuco.audiencelabs.com.br\/wp-json\/wp\/v2\/tags?post=6889"}],"curies":[{"name":"wp","href":"https:\/\/api.w.org\/{rel}","templated":true}]}}