{"id":6911,"date":"2025-10-23T16:30:00","date_gmt":"2025-10-23T19:30:00","guid":{"rendered":"https:\/\/diariodepernambuco.audiencelabs.com.br\/?p=6911"},"modified":"2025-10-22T14:54:15","modified_gmt":"2025-10-22T17:54:15","slug":"horario-de-verao-e-verdade-que-esta-voltando-em-novembro","status":"publish","type":"post","link":"https:\/\/diariodepernambuco.audiencelabs.com.br\/horario-de-verao-e-verdade-que-esta-voltando-em-novembro\/","title":{"rendered":"Hor\u00e1rio de ver\u00e3o: \u00e9 verdade que est\u00e1 voltando em novembro?"},"content":{"rendered":"\n<p>O Minist\u00e9rio de Minas e Energia (MME) reafirmou que n\u00e3o pretende reativar o Hor\u00e1rio de Ver\u00e3o em 2025, apesar das especula\u00e7\u00f5es recentes. Suspenso desde 2019, o programa segue \u201cem avalia\u00e7\u00e3o permanente\u201d, mas, segundo o governo, o atual cen\u00e1rio do setor el\u00e9trico n\u00e3o justifica sua retomada.<\/p>\n\n\n\n<p>O MME explicou que o Hor\u00e1rio de Ver\u00e3o foi criado para economizar energia ao aproveitar melhor a luz natural, adiantando os rel\u00f3gios em uma hora. Contudo, com o aumento do uso de aparelhos de refrigera\u00e7\u00e3o e ar-condicionado, o pico de consumo deixou de ocorrer no in\u00edcio da noite e passou a concentrar-se nas tardes mais quentes, reduzindo sua efic\u00e1cia.<\/p>\n\n\n\n<p>\u201cComo nos \u00faltimos anos houve mudan\u00e7as no h\u00e1bito de consumo de energia da popula\u00e7\u00e3o, deslocando o maior consumo di\u00e1rio de energia para o per\u00edodo da tarde, o Hor\u00e1rio de Ver\u00e3o deixou de produzir os resultados para os quais essa pol\u00edtica p\u00fablica foi formulada, perdendo sua raz\u00e3o de ser aplicado sob o ponto de vista do setor el\u00e9trico\u201d, disse a pasta em um comunicado.<\/p>\n\n\n\n<p>Estudos realizados a pedido do Comit\u00ea de Monitoramento do Setor El\u00e9trico (CMSE) chegaram \u00e0 mesma conclus\u00e3o: os ganhos econ\u00f4micos do Hor\u00e1rio de Ver\u00e3o j\u00e1 n\u00e3o compensam sua implementa\u00e7\u00e3o. O ministro Alexandre Silveira tem reiterado que o tema s\u00f3 voltaria a ser considerado em casos de necessidade extrema, como escassez de energia em per\u00edodos de seca.<\/p>\n\n\n\n<p>No momento, esse cen\u00e1rio n\u00e3o preocupa o governo. De acordo com o MME, o sistema el\u00e9trico nacional est\u00e1 preparado para atender \u00e0 demanda at\u00e9 fevereiro de 2026, segundo avalia\u00e7\u00e3o do Operador Nacional do Sistema El\u00e9trico (ONS), e as condi\u00e7\u00f5es dos reservat\u00f3rios seguem favor\u00e1veis.<\/p>\n","protected":false},"excerpt":{"rendered":"<p>O Minist\u00e9rio de Minas e Energia (MME) reafirmou que n\u00e3o pretende reativar o Hor\u00e1rio de Ver\u00e3o em 2025, apesar das especula\u00e7\u00f5es recentes. Suspenso desde 2019, o programa segue \u201cem avalia\u00e7\u00e3o permanente\u201d, mas, segundo o governo, o atual cen\u00e1rio do setor el\u00e9trico n\u00e3o justifica sua retomada. O MME explicou que o Hor\u00e1rio de Ver\u00e3o foi criado [&hellip;]<\/p>\n","protected":false},"author":4,"featured_media":4090,"comment_status":"open","ping_status":"open","sticky":false,"template":"","format":"standard","meta":{"jnews-multi-image_gallery":[],"jnews_single_post":[],"jnews_primary_category":[],"jnews_social_meta":[],"jnews_post_split":[],"footnotes":""},"categories":[1],"tags":[],"class_list":["post-6911","post","type-post","status-publish","format-standard","has-post-thumbnail","hentry","category-uncategorized"],"_links":{"self":[{"href":"https:\/\/diariodepernambuco.audiencelabs.com.br\/wp-json\/wp\/v2\/posts\/6911","targetHints":{"allow":["GET"]}}],"collection":[{"href":"https:\/\/diariodepernambuco.audiencelabs.com.br\/wp-json\/wp\/v2\/posts"}],"about":[{"href":"https:\/\/diariodepernambuco.audiencelabs.com.br\/wp-json\/wp\/v2\/types\/post"}],"author":[{"embeddable":true,"href":"https:\/\/diariodepernambuco.audiencelabs.com.br\/wp-json\/wp\/v2\/users\/4"}],"replies":[{"embeddable":true,"href":"https:\/\/diariodepernambuco.audiencelabs.com.br\/wp-json\/wp\/v2\/comments?post=6911"}],"version-history":[{"count":3,"href":"https:\/\/diariodepernambuco.audiencelabs.com.br\/wp-json\/wp\/v2\/posts\/6911\/revisions"}],"predecessor-version":[{"id":6914,"href":"https:\/\/diariodepernambuco.audiencelabs.com.br\/wp-json\/wp\/v2\/posts\/6911\/revisions\/6914"}],"wp:featuredmedia":[{"embeddable":true,"href":"https:\/\/diariodepernambuco.audiencelabs.com.br\/wp-json\/wp\/v2\/media\/4090"}],"wp:attachment":[{"href":"https:\/\/diariodepernambuco.audiencelabs.com.br\/wp-json\/wp\/v2\/media?parent=6911"}],"wp:term":[{"taxonomy":"category","embeddable":true,"href":"https:\/\/diariodepernambuco.audiencelabs.com.br\/wp-json\/wp\/v2\/categories?post=6911"},{"taxonomy":"post_tag","embeddable":true,"href":"https:\/\/diariodepernambuco.audiencelabs.com.br\/wp-json\/wp\/v2\/tags?post=6911"}],"curies":[{"name":"wp","href":"https:\/\/api.w.org\/{rel}","templated":true}]}}