{"id":6918,"date":"2025-10-23T18:30:00","date_gmt":"2025-10-23T21:30:00","guid":{"rendered":"https:\/\/diariodepernambuco.audiencelabs.com.br\/?p=6918"},"modified":"2025-10-22T15:05:00","modified_gmt":"2025-10-22T18:05:00","slug":"quais-sao-os-carros-permitidos-para-operar-nos-aplicativos-rivais-da-uber","status":"publish","type":"post","link":"https:\/\/diariodepernambuco.audiencelabs.com.br\/quais-sao-os-carros-permitidos-para-operar-nos-aplicativos-rivais-da-uber\/","title":{"rendered":"Quais s\u00e3o os carros permitidos para operar nos aplicativos rivais da Uber?"},"content":{"rendered":"\n<p>Na \u00faltima semana, a Uber gerou descontentamento entre parte de seus motoristas ao atualizar as regras para os ve\u00edculos aceitos na categoria Black \u2014 a mais sofisticada do aplicativo. Modelos como Renault Kardian, Citro\u00ebn Basalt, Hyundai Kona Hybrid, Peugeot e-2008 e Caoa Chery Tiggo 3X deixaram de ser permitidos no servi\u00e7o premium.<\/p>\n\n\n\n<p>A defini\u00e7\u00e3o de crit\u00e9rios para categorias superiores n\u00e3o \u00e9 exclusiva da Uber. Plataformas como 99 e inDrive tamb\u00e9m possuem regulamentos pr\u00f3prios, por\u00e9m com exig\u00eancias menos rigorosas. Principal rival da Uber no Brasil, a 99 mant\u00e9m requisitos semelhantes nos aspectos b\u00e1sicos, mas adota uma lista mais flex\u00edvel de ve\u00edculos aceitos.<\/p>\n\n\n\n<p>Carros com ar-condicionado e quatro portas s\u00e3o requisitos b\u00e1sicos at\u00e9 mesmo no 99Pop, a categoria mais simples da 99. As exig\u00eancias quanto ao ano e modelo do ve\u00edculo seguem as normas locais \u2014 em S\u00e3o Paulo, por exemplo, a prefeitura determina idade m\u00e1xima de 10 anos. Diferente do Uber Black, a 99 n\u00e3o imp\u00f5e restri\u00e7\u00f5es de cor, dispensando a obrigatoriedade dos tons \u201cexecutivos\u201d.<\/p>\n\n\n\n<p>A inDrive, por sua vez, \u00e9 conhecida pela flexibilidade e pela possibilidade de negocia\u00e7\u00e3o direta de pre\u00e7os entre passageiros e motoristas. Suas regras de entrada s\u00e3o mais simples: o condutor precisa ter um carro em bom estado, com at\u00e9 cerca de 10 anos de fabrica\u00e7\u00e3o (variando conforme a cidade), equipado com quatro portas, cinco lugares e ar-condicionado funcional.<\/p>\n\n\n\n<p>A inDrive n\u00e3o possui categorias premium em sua plataforma \u2014 portanto, n\u00e3o h\u00e1 equivalente ao \u201cBlack\u201d nem exig\u00eancias espec\u00edficas de cor ou modelo al\u00e9m dos requisitos b\u00e1sicos. Qualquer carro que atenda aos crit\u00e9rios gerais pode operar no aplicativo, e a escolha do motorista fica a cargo do passageiro, com base no perfil e no valor oferecido.<\/p>\n\n\n\n<p><\/p>\n","protected":false},"excerpt":{"rendered":"<p>Na \u00faltima semana, a Uber gerou descontentamento entre parte de seus motoristas ao atualizar as regras para os ve\u00edculos aceitos na categoria Black \u2014 a mais sofisticada do aplicativo. Modelos como Renault Kardian, Citro\u00ebn Basalt, Hyundai Kona Hybrid, Peugeot e-2008 e Caoa Chery Tiggo 3X deixaram de ser permitidos no servi\u00e7o premium. A defini\u00e7\u00e3o de [&hellip;]<\/p>\n","protected":false},"author":4,"featured_media":6904,"comment_status":"open","ping_status":"open","sticky":false,"template":"","format":"standard","meta":{"jnews-multi-image_gallery":[],"jnews_single_post":[],"jnews_primary_category":[],"jnews_social_meta":[],"jnews_post_split":[],"footnotes":""},"categories":[1],"tags":[],"class_list":["post-6918","post","type-post","status-publish","format-standard","has-post-thumbnail","hentry","category-uncategorized"],"_links":{"self":[{"href":"https:\/\/diariodepernambuco.audiencelabs.com.br\/wp-json\/wp\/v2\/posts\/6918","targetHints":{"allow":["GET"]}}],"collection":[{"href":"https:\/\/diariodepernambuco.audiencelabs.com.br\/wp-json\/wp\/v2\/posts"}],"about":[{"href":"https:\/\/diariodepernambuco.audiencelabs.com.br\/wp-json\/wp\/v2\/types\/post"}],"author":[{"embeddable":true,"href":"https:\/\/diariodepernambuco.audiencelabs.com.br\/wp-json\/wp\/v2\/users\/4"}],"replies":[{"embeddable":true,"href":"https:\/\/diariodepernambuco.audiencelabs.com.br\/wp-json\/wp\/v2\/comments?post=6918"}],"version-history":[{"count":1,"href":"https:\/\/diariodepernambuco.audiencelabs.com.br\/wp-json\/wp\/v2\/posts\/6918\/revisions"}],"predecessor-version":[{"id":6919,"href":"https:\/\/diariodepernambuco.audiencelabs.com.br\/wp-json\/wp\/v2\/posts\/6918\/revisions\/6919"}],"wp:featuredmedia":[{"embeddable":true,"href":"https:\/\/diariodepernambuco.audiencelabs.com.br\/wp-json\/wp\/v2\/media\/6904"}],"wp:attachment":[{"href":"https:\/\/diariodepernambuco.audiencelabs.com.br\/wp-json\/wp\/v2\/media?parent=6918"}],"wp:term":[{"taxonomy":"category","embeddable":true,"href":"https:\/\/diariodepernambuco.audiencelabs.com.br\/wp-json\/wp\/v2\/categories?post=6918"},{"taxonomy":"post_tag","embeddable":true,"href":"https:\/\/diariodepernambuco.audiencelabs.com.br\/wp-json\/wp\/v2\/tags?post=6918"}],"curies":[{"name":"wp","href":"https:\/\/api.w.org\/{rel}","templated":true}]}}