{"id":6951,"date":"2025-10-23T11:23:16","date_gmt":"2025-10-23T14:23:16","guid":{"rendered":"https:\/\/diariodepernambuco.audiencelabs.com.br\/?p=6951"},"modified":"2025-10-23T11:23:22","modified_gmt":"2025-10-23T14:23:22","slug":"volante-do-flamengo-deu-adeus-ao-clube-e-fechou-com-time-dos-emirados-arabes","status":"publish","type":"post","link":"https:\/\/diariodepernambuco.audiencelabs.com.br\/volante-do-flamengo-deu-adeus-ao-clube-e-fechou-com-time-dos-emirados-arabes\/","title":{"rendered":"Volante do Flamengo deu adeus ao clube e fechou com time dos Emirados \u00c1rabes"},"content":{"rendered":"\n<p>Em meio a decis\u00f5es dentro do Campeonato Brasileiro e da Copa Libertadores da Am\u00e9rica, o Flamengo acaba de perder uma joia para o futebol dos Emirados \u00c1rabes Unidos. O volante Jo\u00e3o Alves, bicampe\u00e3o da Libertadores e da Copa Intercontinental sub-20 pelo Rubro-Negro, foi confirmado como refor\u00e7o do Al-Wasl nesta quarta-feira (22).<\/p>\n\n\n\n<p>Segundo informa\u00e7\u00f5es do portal ge.globo, o jogador assinou com o clube \u00e1rabe para disputar a temporada 2025\/2026. Jo\u00e3o Alves estava em seu \u00faltimo ano de contrato no Flamengo e rescindiu amigavelmente com os cariocas. O Al-Wasl possui a Liga dos Campe\u00f5es da \u00c1sia Dois (AFC Champions League Two) e a Primeira Divis\u00e3o local (UAE Pro Legue) no seu calend\u00e1rio.<\/p>\n\n\n\n<p>Natural de Santa Cruz do Capibaribe-PE, o volante tem 20 anos e ainda conta com passagem pelas divis\u00f5es de base do Picos, do Piau\u00ed. Logo depois de se destacar no estadual Sub-17 de 2022, ele foi contratado pelo Flamengo. No Rio, al\u00e9m dos t\u00edtulos na base, o jovem tamb\u00e9m conquistou o Campeonato Carioca na atual temporada.<\/p>\n\n\n\n<p>Neste ano, o volante disputou 34 partidas pelo Rubro-Negro. Nos profissionais, foram cinco jogos no per\u00edodo (quatro no Campeonato Carioca, e um na Copa do Brasil). Em entrevista ao ge.globo, o t\u00e9cnico do Picos, Felipe Sousa, celebrou a trasfer\u00eancia de seu antigo pupilo.<\/p>\n\n\n\n<p>&#8220;\u00c9 um jogador de muita qualidade, muito t\u00e9cnico, tem tudo para vencer na vida, e n\u00f3s ficamos muito felizes. Todo mundo aqui do Projeto R6 est\u00e1 contente com essa realiza\u00e7\u00e3o dele, que tamb\u00e9m \u00e9 uma realiza\u00e7\u00e3o nossa. Isso nos motiva cada vez mais a continuar com o trabalho, continuar buscando oportunidades e trabalhando outros garotos para que possam al\u00e7ar voos grandes tamb\u00e9m&#8221;, disse.<\/p>\n","protected":false},"excerpt":{"rendered":"<p>Em meio a decis\u00f5es dentro do Campeonato Brasileiro e da Copa Libertadores da Am\u00e9rica, o Flamengo acaba de perder uma joia para o futebol dos Emirados \u00c1rabes Unidos. O volante Jo\u00e3o Alves, bicampe\u00e3o da Libertadores e da Copa Intercontinental sub-20 pelo Rubro-Negro, foi confirmado como refor\u00e7o do Al-Wasl nesta quarta-feira (22). Segundo informa\u00e7\u00f5es do portal [&hellip;]<\/p>\n","protected":false},"author":4,"featured_media":6952,"comment_status":"open","ping_status":"open","sticky":false,"template":"","format":"standard","meta":{"jnews-multi-image_gallery":[],"jnews_single_post":{"format":"standard"},"jnews_primary_category":[],"jnews_social_meta":[],"jnews_post_split":[],"footnotes":""},"categories":[1],"tags":[],"class_list":["post-6951","post","type-post","status-publish","format-standard","has-post-thumbnail","hentry","category-uncategorized"],"_links":{"self":[{"href":"https:\/\/diariodepernambuco.audiencelabs.com.br\/wp-json\/wp\/v2\/posts\/6951","targetHints":{"allow":["GET"]}}],"collection":[{"href":"https:\/\/diariodepernambuco.audiencelabs.com.br\/wp-json\/wp\/v2\/posts"}],"about":[{"href":"https:\/\/diariodepernambuco.audiencelabs.com.br\/wp-json\/wp\/v2\/types\/post"}],"author":[{"embeddable":true,"href":"https:\/\/diariodepernambuco.audiencelabs.com.br\/wp-json\/wp\/v2\/users\/4"}],"replies":[{"embeddable":true,"href":"https:\/\/diariodepernambuco.audiencelabs.com.br\/wp-json\/wp\/v2\/comments?post=6951"}],"version-history":[{"count":1,"href":"https:\/\/diariodepernambuco.audiencelabs.com.br\/wp-json\/wp\/v2\/posts\/6951\/revisions"}],"predecessor-version":[{"id":6954,"href":"https:\/\/diariodepernambuco.audiencelabs.com.br\/wp-json\/wp\/v2\/posts\/6951\/revisions\/6954"}],"wp:featuredmedia":[{"embeddable":true,"href":"https:\/\/diariodepernambuco.audiencelabs.com.br\/wp-json\/wp\/v2\/media\/6952"}],"wp:attachment":[{"href":"https:\/\/diariodepernambuco.audiencelabs.com.br\/wp-json\/wp\/v2\/media?parent=6951"}],"wp:term":[{"taxonomy":"category","embeddable":true,"href":"https:\/\/diariodepernambuco.audiencelabs.com.br\/wp-json\/wp\/v2\/categories?post=6951"},{"taxonomy":"post_tag","embeddable":true,"href":"https:\/\/diariodepernambuco.audiencelabs.com.br\/wp-json\/wp\/v2\/tags?post=6951"}],"curies":[{"name":"wp","href":"https:\/\/api.w.org\/{rel}","templated":true}]}}