{"id":7009,"date":"2025-10-24T16:30:00","date_gmt":"2025-10-24T19:30:00","guid":{"rendered":"https:\/\/diariodepernambuco.audiencelabs.com.br\/?p=7009"},"modified":"2025-10-23T14:41:45","modified_gmt":"2025-10-23T17:41:45","slug":"lei-aprovada-garante-que-trabalhadores-se-atrasem-no-trabalho-sem-desconto-nesse-pais","status":"publish","type":"post","link":"https:\/\/diariodepernambuco.audiencelabs.com.br\/lei-aprovada-garante-que-trabalhadores-se-atrasem-no-trabalho-sem-desconto-nesse-pais\/","title":{"rendered":"Lei aprovada garante que trabalhadores se atrasem no trabalho sem desconto nesse pa\u00eds"},"content":{"rendered":"\n<p>Na Espanha, uma lei garante que trabalhadores possam se atrasar no trabalho sem sofrer descontos, como forma de apoiar m\u00e3es que est\u00e3o amamentando. A medida reconhece a import\u00e2ncia de per\u00edodos flex\u00edveis para cuidar da sa\u00fade e do bem-estar dos filhos, permitindo que profissionais conciliem suas responsabilidades laborais com a amamenta\u00e7\u00e3o de maneira segura e sem preju\u00edzos financeiros.<\/p>\n\n\n\n<p>A permiss\u00e3o para amamenta\u00e7\u00e3o permite que o trabalhador se ausente do trabalho por at\u00e9 uma hora di\u00e1ria at\u00e9 que o beb\u00ea complete nove meses, podendo esse tempo ser dividido em duas partes. Quando ambos os respons\u00e1veis legais utilizam esse direito, o per\u00edodo pode ser estendido at\u00e9 os doze meses, com redu\u00e7\u00e3o proporcional do sal\u00e1rio a partir do nono m\u00eas.<\/p>\n\n\n\n<p>Em empresas grandes como Telef\u00f3nica ou El Corte Ingl\u00e9s, geralmente existem pol\u00edticas internas que ampliam ainda mais esses direitos. Al\u00e9m das regras legais, muitas empresas oferecem hor\u00e1rios flex\u00edveis, home office parcial e salas de apoio \u00e0 amamenta\u00e7\u00e3o, criando um ambiente mais acolhedor para pais e m\u00e3es.<\/p>\n\n\n\n<p>Essas iniciativas ajudam a reduzir o estresse, aumentam a satisfa\u00e7\u00e3o no trabalho e contribuem para a reten\u00e7\u00e3o de talentos, mostrando que \u00e9 poss\u00edvel conciliar produtividade e cuidados com os filhos. Ao garantir que os trabalhadores possam se ausentar sem penalidades, a Espanha se posiciona como refer\u00eancia em pol\u00edticas laborais voltadas \u00e0 fam\u00edlia.<\/p>\n\n\n\n<h2 class=\"wp-block-heading\">Flexibilidade no trabalho e valoriza\u00e7\u00e3o da fam\u00edlia<\/h2>\n\n\n\n<p>A legisla\u00e7\u00e3o espanhola e as pol\u00edticas internas das empresas refletem um compromisso crescente com a concilia\u00e7\u00e3o entre vida profissional e cuidados familiares. Ao permitir atrasos ou aus\u00eancias sem descontos para amamenta\u00e7\u00e3o, as organiza\u00e7\u00f5es oferecem um ambiente de trabalho mais humano, que respeita as necessidades dos pais e m\u00e3es e promove o bem-estar de toda a fam\u00edlia.<\/p>\n\n\n\n<p>Al\u00e9m de beneficiar diretamente os trabalhadores, essas medidas tamb\u00e9m impactam positivamente a produtividade e a reten\u00e7\u00e3o de talentos. Funcion\u00e1rios que se sentem apoiados tendem a apresentar maior engajamento e satisfa\u00e7\u00e3o, mostrando que flexibilidade e responsabilidade profissional podem caminhar lado a lado, sem comprometer os resultados da empresa.<\/p>\n\n\n\n<p><\/p>\n","protected":false},"excerpt":{"rendered":"<p>Na Espanha, uma lei garante que trabalhadores possam se atrasar no trabalho sem sofrer descontos, como forma de apoiar m\u00e3es que est\u00e3o amamentando. A medida reconhece a import\u00e2ncia de per\u00edodos flex\u00edveis para cuidar da sa\u00fade e do bem-estar dos filhos, permitindo que profissionais conciliem suas responsabilidades laborais com a amamenta\u00e7\u00e3o de maneira segura e sem [&hellip;]<\/p>\n","protected":false},"author":4,"featured_media":790,"comment_status":"open","ping_status":"open","sticky":false,"template":"","format":"standard","meta":{"jnews-multi-image_gallery":[],"jnews_single_post":{"format":"standard"},"jnews_primary_category":[],"jnews_social_meta":[],"jnews_post_split":[],"footnotes":""},"categories":[1],"tags":[],"class_list":["post-7009","post","type-post","status-publish","format-standard","has-post-thumbnail","hentry","category-uncategorized"],"_links":{"self":[{"href":"https:\/\/diariodepernambuco.audiencelabs.com.br\/wp-json\/wp\/v2\/posts\/7009","targetHints":{"allow":["GET"]}}],"collection":[{"href":"https:\/\/diariodepernambuco.audiencelabs.com.br\/wp-json\/wp\/v2\/posts"}],"about":[{"href":"https:\/\/diariodepernambuco.audiencelabs.com.br\/wp-json\/wp\/v2\/types\/post"}],"author":[{"embeddable":true,"href":"https:\/\/diariodepernambuco.audiencelabs.com.br\/wp-json\/wp\/v2\/users\/4"}],"replies":[{"embeddable":true,"href":"https:\/\/diariodepernambuco.audiencelabs.com.br\/wp-json\/wp\/v2\/comments?post=7009"}],"version-history":[{"count":2,"href":"https:\/\/diariodepernambuco.audiencelabs.com.br\/wp-json\/wp\/v2\/posts\/7009\/revisions"}],"predecessor-version":[{"id":7011,"href":"https:\/\/diariodepernambuco.audiencelabs.com.br\/wp-json\/wp\/v2\/posts\/7009\/revisions\/7011"}],"wp:featuredmedia":[{"embeddable":true,"href":"https:\/\/diariodepernambuco.audiencelabs.com.br\/wp-json\/wp\/v2\/media\/790"}],"wp:attachment":[{"href":"https:\/\/diariodepernambuco.audiencelabs.com.br\/wp-json\/wp\/v2\/media?parent=7009"}],"wp:term":[{"taxonomy":"category","embeddable":true,"href":"https:\/\/diariodepernambuco.audiencelabs.com.br\/wp-json\/wp\/v2\/categories?post=7009"},{"taxonomy":"post_tag","embeddable":true,"href":"https:\/\/diariodepernambuco.audiencelabs.com.br\/wp-json\/wp\/v2\/tags?post=7009"}],"curies":[{"name":"wp","href":"https:\/\/api.w.org\/{rel}","templated":true}]}}