{"id":7022,"date":"2025-10-24T19:00:00","date_gmt":"2025-10-24T22:00:00","guid":{"rendered":"https:\/\/diariodepernambuco.audiencelabs.com.br\/?p=7022"},"modified":"2025-10-23T15:10:37","modified_gmt":"2025-10-23T18:10:37","slug":"lei-de-transito-que-pegava-varios-motoristas-deixou-de-ser-obrigatoria-no-brasil","status":"publish","type":"post","link":"https:\/\/diariodepernambuco.audiencelabs.com.br\/lei-de-transito-que-pegava-varios-motoristas-deixou-de-ser-obrigatoria-no-brasil\/","title":{"rendered":"Lei de tr\u00e2nsito que pegava v\u00e1rios motoristas deixou de ser obrigat\u00f3ria no Brasil"},"content":{"rendered":"\n<p>Uma recente mudan\u00e7a nas regras de tr\u00e2nsito chamou a aten\u00e7\u00e3o dos motoristas brasileiros. A obrigatoriedade do extintor de inc\u00eandio em carros de passeio, por anos item indispens\u00e1vel, deixou de valer no pa\u00eds. A decis\u00e3o do Contran busca simplificar as exig\u00eancias e reflete a baixa utiliza\u00e7\u00e3o do equipamento.<\/p>\n\n\n\n<p>A mudan\u00e7a, em vigor desde a revoga\u00e7\u00e3o da resolu\u00e7\u00e3o que exigia o item, considera que os ve\u00edculos modernos s\u00e3o fabricados com sistemas de seguran\u00e7a mais eficientes, reduzindo significativamente o risco de inc\u00eandios. Al\u00e9m disso, estudos mostraram que muitos motoristas n\u00e3o sabiam utilizar o extintor corretamente, o que diminu\u00eda sua efic\u00e1cia em situa\u00e7\u00f5es de emerg\u00eancia.<\/p>\n\n\n\n<p>Apesar de n\u00e3o ser mais obrigat\u00f3rio para carros de passeio, o uso do extintor continua exigido em ve\u00edculos comerciais, de transporte coletivo e de carga, onde o risco de inc\u00eandio \u00e9 maior. Mesmo sem a obrigatoriedade, especialistas recomendam manter o equipamento no carro como medida de seguran\u00e7a adicional, desde que esteja dentro do prazo de validade e em boas condi\u00e7\u00f5es de uso.<\/p>\n\n\n\n<p>A decis\u00e3o tamb\u00e9m encerrou uma pol\u00eamica antiga entre motoristas e autoridades de tr\u00e2nsito. Durante anos, muitos condutores foram multados por portar extintores vencidos ou fora do padr\u00e3o exigido, o que gerava d\u00favidas e reclama\u00e7\u00f5es sobre a real necessidade do item.<\/p>\n\n\n\n<p>Com a mudan\u00e7a, essas penalidades deixaram de existir para carros de passeio, trazendo mais clareza e reduzindo custos para os propriet\u00e1rios de ve\u00edculos. Ainda assim, o Contran refor\u00e7a que a seguran\u00e7a deve continuar sendo prioridade. Manter revis\u00f5es mec\u00e2nicas em dia, evitar o transporte de l\u00edquidos inflam\u00e1veis e estar atento a poss\u00edveis falhas el\u00e9tricas.<\/p>\n\n\n\n<p><\/p>\n","protected":false},"excerpt":{"rendered":"<p>Uma recente mudan\u00e7a nas regras de tr\u00e2nsito chamou a aten\u00e7\u00e3o dos motoristas brasileiros. A obrigatoriedade do extintor de inc\u00eandio em carros de passeio, por anos item indispens\u00e1vel, deixou de valer no pa\u00eds. A decis\u00e3o do Contran busca simplificar as exig\u00eancias e reflete a baixa utiliza\u00e7\u00e3o do equipamento. A mudan\u00e7a, em vigor desde a revoga\u00e7\u00e3o da [&hellip;]<\/p>\n","protected":false},"author":4,"featured_media":7023,"comment_status":"open","ping_status":"open","sticky":false,"template":"","format":"standard","meta":{"jnews-multi-image_gallery":[],"jnews_single_post":{"format":"standard"},"jnews_primary_category":[],"jnews_social_meta":[],"jnews_post_split":[],"footnotes":""},"categories":[1],"tags":[],"class_list":["post-7022","post","type-post","status-publish","format-standard","has-post-thumbnail","hentry","category-uncategorized"],"_links":{"self":[{"href":"https:\/\/diariodepernambuco.audiencelabs.com.br\/wp-json\/wp\/v2\/posts\/7022","targetHints":{"allow":["GET"]}}],"collection":[{"href":"https:\/\/diariodepernambuco.audiencelabs.com.br\/wp-json\/wp\/v2\/posts"}],"about":[{"href":"https:\/\/diariodepernambuco.audiencelabs.com.br\/wp-json\/wp\/v2\/types\/post"}],"author":[{"embeddable":true,"href":"https:\/\/diariodepernambuco.audiencelabs.com.br\/wp-json\/wp\/v2\/users\/4"}],"replies":[{"embeddable":true,"href":"https:\/\/diariodepernambuco.audiencelabs.com.br\/wp-json\/wp\/v2\/comments?post=7022"}],"version-history":[{"count":1,"href":"https:\/\/diariodepernambuco.audiencelabs.com.br\/wp-json\/wp\/v2\/posts\/7022\/revisions"}],"predecessor-version":[{"id":7024,"href":"https:\/\/diariodepernambuco.audiencelabs.com.br\/wp-json\/wp\/v2\/posts\/7022\/revisions\/7024"}],"wp:featuredmedia":[{"embeddable":true,"href":"https:\/\/diariodepernambuco.audiencelabs.com.br\/wp-json\/wp\/v2\/media\/7023"}],"wp:attachment":[{"href":"https:\/\/diariodepernambuco.audiencelabs.com.br\/wp-json\/wp\/v2\/media?parent=7022"}],"wp:term":[{"taxonomy":"category","embeddable":true,"href":"https:\/\/diariodepernambuco.audiencelabs.com.br\/wp-json\/wp\/v2\/categories?post=7022"},{"taxonomy":"post_tag","embeddable":true,"href":"https:\/\/diariodepernambuco.audiencelabs.com.br\/wp-json\/wp\/v2\/tags?post=7022"}],"curies":[{"name":"wp","href":"https:\/\/api.w.org\/{rel}","templated":true}]}}