{"id":7082,"date":"2025-10-24T08:43:31","date_gmt":"2025-10-24T11:43:31","guid":{"rendered":"https:\/\/diariodepernambuco.audiencelabs.com.br\/?p=7082"},"modified":"2025-10-24T08:43:37","modified_gmt":"2025-10-24T11:43:37","slug":"apple-foi-processada-atividades-e-vendas-de-iphone-correm-riscos-neste-pais","status":"publish","type":"post","link":"https:\/\/diariodepernambuco.audiencelabs.com.br\/apple-foi-processada-atividades-e-vendas-de-iphone-correm-riscos-neste-pais\/","title":{"rendered":"Apple foi processada: atividades e vendas de IPhone correm riscos neste pa\u00eds"},"content":{"rendered":"\n<p>A Apple enfrenta nova press\u00e3o legal na China. Um grupo de 55 consumidores processou a empresa, acusando-a de monopolizar a distribui\u00e7\u00e3o de aplicativos no ecossistema do iPhone. A a\u00e7\u00e3o pede que as autoridades antitruste intervenham para garantir o acesso a lojas e m\u00e9todos de pagamento alternativos.<\/p>\n\n\n\n<p>A iniciativa reacende o debate sobre a coer\u00eancia das pol\u00edticas da Apple em diferentes regi\u00f5es. Segundo os autores da a\u00e7\u00e3o, a companhia j\u00e1 flexibilizou seu sistema na Europa e em outros mercados internacionais, mas mant\u00e9m restri\u00e7\u00f5es rigorosas para desenvolvedores e consumidores na China.<\/p>\n\n\n\n<p>O processo apresenta tr\u00eas principais acusa\u00e7\u00f5es contra a Apple: a exclusividade nos pagamentos de bens digitais, a cobran\u00e7a de 30% de comiss\u00e3o em compras na App Store e a restri\u00e7\u00e3o ao download de aplicativos fora da plataforma oficial. Na Europa, casos semelhantes levaram a empresa a autorizar m\u00e9todos de pagamento alternativos em alguns aplicativos.<\/p>\n\n\n\n<p>J\u00e1 na China, a a\u00e7\u00e3o refor\u00e7a a expectativa de que essas mudan\u00e7as globais tamb\u00e9m sejam aplicadas ao mercado local. No passado, a Apple j\u00e1 foi processada no pa\u00eds asi\u00e1tico por motivos semelhantes. Na ocasi\u00e3o, um tribunal em Xangai chegou a rejeitar o prosseguimento da a\u00e7\u00e3o, mas o contexto global atual \u00e9 distinto.<\/p>\n\n\n\n<p>Mesmo com o processo em andamento, a Apple continua registrando bons resultados na China. As vendas do iPhone 17 t\u00eam superado as expectativas, especialmente do modelo mais popular, que se destaca por unir tecnologia avan\u00e7ada a um pre\u00e7o mais competitivo.<\/p>\n\n\n\n<h2 class=\"wp-block-heading\">Os pa\u00edses onde o iPhone \u00e9 mais comercializado<\/h2>\n\n\n\n<ul class=\"wp-block-list\">\n<li>Estados Unidos &#8211; \u00c9 o maior mercado da Apple, respondendo por cerca de 25% das receitas do iPhone em 2024.<\/li>\n\n\n\n<li>China &#8211; Segundo maior mercado em termos de receita, com aproximadamente 20% em 2024.<\/li>\n\n\n\n<li>Jap\u00e3o &#8211; Ocupa a terceira posi\u00e7\u00e3o em participa\u00e7\u00e3o de receita, com cerca de 12% em 2024.<\/li>\n\n\n\n<li>\u00cdndia &#8211; Mercado de r\u00e1pido crescimento para o iPhone, com forte subida em vendas.<\/li>\n\n\n\n<li>Alemanha &#8211; Entre os pa\u00edses europeus mais relevantes para o iPhone, com participa\u00e7\u00e3o not\u00e1vel.<\/li>\n<\/ul>\n","protected":false},"excerpt":{"rendered":"<p>A Apple enfrenta nova press\u00e3o legal na China. Um grupo de 55 consumidores processou a empresa, acusando-a de monopolizar a distribui\u00e7\u00e3o de aplicativos no ecossistema do iPhone. A a\u00e7\u00e3o pede que as autoridades antitruste intervenham para garantir o acesso a lojas e m\u00e9todos de pagamento alternativos. A iniciativa reacende o debate sobre a coer\u00eancia das [&hellip;]<\/p>\n","protected":false},"author":4,"featured_media":847,"comment_status":"open","ping_status":"open","sticky":false,"template":"","format":"standard","meta":{"jnews-multi-image_gallery":[],"jnews_single_post":{"format":"standard"},"jnews_primary_category":[],"jnews_social_meta":[],"jnews_post_split":[],"footnotes":""},"categories":[1],"tags":[],"class_list":["post-7082","post","type-post","status-publish","format-standard","has-post-thumbnail","hentry","category-uncategorized"],"_links":{"self":[{"href":"https:\/\/diariodepernambuco.audiencelabs.com.br\/wp-json\/wp\/v2\/posts\/7082","targetHints":{"allow":["GET"]}}],"collection":[{"href":"https:\/\/diariodepernambuco.audiencelabs.com.br\/wp-json\/wp\/v2\/posts"}],"about":[{"href":"https:\/\/diariodepernambuco.audiencelabs.com.br\/wp-json\/wp\/v2\/types\/post"}],"author":[{"embeddable":true,"href":"https:\/\/diariodepernambuco.audiencelabs.com.br\/wp-json\/wp\/v2\/users\/4"}],"replies":[{"embeddable":true,"href":"https:\/\/diariodepernambuco.audiencelabs.com.br\/wp-json\/wp\/v2\/comments?post=7082"}],"version-history":[{"count":1,"href":"https:\/\/diariodepernambuco.audiencelabs.com.br\/wp-json\/wp\/v2\/posts\/7082\/revisions"}],"predecessor-version":[{"id":7083,"href":"https:\/\/diariodepernambuco.audiencelabs.com.br\/wp-json\/wp\/v2\/posts\/7082\/revisions\/7083"}],"wp:featuredmedia":[{"embeddable":true,"href":"https:\/\/diariodepernambuco.audiencelabs.com.br\/wp-json\/wp\/v2\/media\/847"}],"wp:attachment":[{"href":"https:\/\/diariodepernambuco.audiencelabs.com.br\/wp-json\/wp\/v2\/media?parent=7082"}],"wp:term":[{"taxonomy":"category","embeddable":true,"href":"https:\/\/diariodepernambuco.audiencelabs.com.br\/wp-json\/wp\/v2\/categories?post=7082"},{"taxonomy":"post_tag","embeddable":true,"href":"https:\/\/diariodepernambuco.audiencelabs.com.br\/wp-json\/wp\/v2\/tags?post=7082"}],"curies":[{"name":"wp","href":"https:\/\/api.w.org\/{rel}","templated":true}]}}