{"id":7101,"date":"2025-10-25T22:00:00","date_gmt":"2025-10-26T01:00:00","guid":{"rendered":"https:\/\/diariodepernambuco.audiencelabs.com.br\/?p=7101"},"modified":"2025-10-24T09:29:06","modified_gmt":"2025-10-24T12:29:06","slug":"lei-aprovada-garante-60-dias-de-folga-para-brasileiros-especificos","status":"publish","type":"post","link":"https:\/\/diariodepernambuco.audiencelabs.com.br\/lei-aprovada-garante-60-dias-de-folga-para-brasileiros-especificos\/","title":{"rendered":"Lei aprovada garante 60 dias de folga para brasileiros espec\u00edficos"},"content":{"rendered":"\n<p>Ter direito a 60 dias de f\u00e9rias pode parecer um sonho distante para grande parte dos trabalhadores brasileiros, mas esse benef\u00edcio existe e \u00e9 previsto por lei. Ele \u00e9 concedido principalmente a profissionais do setor p\u00fablico, como ju\u00edzes e membros do Minist\u00e9rio P\u00fablico, tanto federal quanto estadual, como forma de compensa\u00e7\u00e3o pela responsabilidade e complexidade de suas fun\u00e7\u00f5es.<\/p>\n\n\n\n<p>O principal argumento \u00e9 que essas carreiras envolvem decis\u00f5es que afetam diretamente a vida das pessoas, e a alta carga de trabalho exige tempo suficiente para recupera\u00e7\u00e3o f\u00edsica e mental. O per\u00edodo estendido de f\u00e9rias tem como objetivo assegurar que esses profissionais atuem com independ\u00eancia e sem press\u00f5es externas, mantendo a qualidade e a imparcialidade de suas decis\u00f5es.<\/p>\n\n\n\n<p>Al\u00e9m de ju\u00edzes e membros do Minist\u00e9rio P\u00fablico, procuradores estaduais, defensores p\u00fablicos e professores da rede p\u00fablica tamb\u00e9m podem ter direito a dois meses de f\u00e9rias anuais, conforme a legisla\u00e7\u00e3o local e a Lei de Diretrizes e Bases da Educa\u00e7\u00e3o (LDB), Art. 67, inciso VI.<\/p>\n\n\n\n<p>Embora 60 dias de f\u00e9rias possam parecer um privil\u00e9gio distante para a maioria, a legisla\u00e7\u00e3o brasileira estabelece que a regra geral da CLT garante apenas 30 dias de descanso ap\u00f3s 12 meses de trabalho. Esse contraste evidencia a distin\u00e7\u00e3o entre carreiras de alta responsabilidade e fun\u00e7\u00f5es comuns no mercado de trabalho.<\/p>\n\n\n\n<h2 class=\"wp-block-heading\">O privil\u00e9gio das f\u00e9rias prolongadas e o impacto no servi\u00e7o p\u00fablico<\/h2>\n\n\n\n<p>O direito a 60 dias de f\u00e9rias n\u00e3o se trata apenas de um benef\u00edcio generoso, mas de uma necessidade estrat\u00e9gica para fun\u00e7\u00f5es que exigem decis\u00f5es complexas e impacto direto na vida das pessoas. Esse per\u00edodo mais longo permite que os profissionais se recuperem f\u00edsica e mentalmente, mantendo a efici\u00eancia, imparcialidade e qualidade do servi\u00e7o prestado \u00e0 sociedade.<\/p>\n\n\n\n<p>Para al\u00e9m do descanso, a medida tamb\u00e9m refor\u00e7a a responsabilidade e a valoriza\u00e7\u00e3o dessas carreiras, reconhecendo a press\u00e3o e a carga de trabalho enfrentadas diariamente. Enquanto a maioria dos trabalhadores precisa se contentar com 30 dias de f\u00e9rias, esses profissionais t\u00eam a oportunidade de equilibrar bem-estar pessoal e compromisso com fun\u00e7\u00f5es de alta relev\u00e2ncia social.<\/p>\n\n\n\n<p><\/p>\n","protected":false},"excerpt":{"rendered":"<p>Ter direito a 60 dias de f\u00e9rias pode parecer um sonho distante para grande parte dos trabalhadores brasileiros, mas esse benef\u00edcio existe e \u00e9 previsto por lei. Ele \u00e9 concedido principalmente a profissionais do setor p\u00fablico, como ju\u00edzes e membros do Minist\u00e9rio P\u00fablico, tanto federal quanto estadual, como forma de compensa\u00e7\u00e3o pela responsabilidade e complexidade [&hellip;]<\/p>\n","protected":false},"author":4,"featured_media":1014,"comment_status":"open","ping_status":"open","sticky":false,"template":"","format":"standard","meta":{"jnews-multi-image_gallery":[],"jnews_single_post":{"format":"standard"},"jnews_primary_category":[],"jnews_social_meta":[],"jnews_post_split":[],"footnotes":""},"categories":[1],"tags":[],"class_list":["post-7101","post","type-post","status-publish","format-standard","has-post-thumbnail","hentry","category-uncategorized"],"_links":{"self":[{"href":"https:\/\/diariodepernambuco.audiencelabs.com.br\/wp-json\/wp\/v2\/posts\/7101","targetHints":{"allow":["GET"]}}],"collection":[{"href":"https:\/\/diariodepernambuco.audiencelabs.com.br\/wp-json\/wp\/v2\/posts"}],"about":[{"href":"https:\/\/diariodepernambuco.audiencelabs.com.br\/wp-json\/wp\/v2\/types\/post"}],"author":[{"embeddable":true,"href":"https:\/\/diariodepernambuco.audiencelabs.com.br\/wp-json\/wp\/v2\/users\/4"}],"replies":[{"embeddable":true,"href":"https:\/\/diariodepernambuco.audiencelabs.com.br\/wp-json\/wp\/v2\/comments?post=7101"}],"version-history":[{"count":2,"href":"https:\/\/diariodepernambuco.audiencelabs.com.br\/wp-json\/wp\/v2\/posts\/7101\/revisions"}],"predecessor-version":[{"id":7103,"href":"https:\/\/diariodepernambuco.audiencelabs.com.br\/wp-json\/wp\/v2\/posts\/7101\/revisions\/7103"}],"wp:featuredmedia":[{"embeddable":true,"href":"https:\/\/diariodepernambuco.audiencelabs.com.br\/wp-json\/wp\/v2\/media\/1014"}],"wp:attachment":[{"href":"https:\/\/diariodepernambuco.audiencelabs.com.br\/wp-json\/wp\/v2\/media?parent=7101"}],"wp:term":[{"taxonomy":"category","embeddable":true,"href":"https:\/\/diariodepernambuco.audiencelabs.com.br\/wp-json\/wp\/v2\/categories?post=7101"},{"taxonomy":"post_tag","embeddable":true,"href":"https:\/\/diariodepernambuco.audiencelabs.com.br\/wp-json\/wp\/v2\/tags?post=7101"}],"curies":[{"name":"wp","href":"https:\/\/api.w.org\/{rel}","templated":true}]}}