{"id":7111,"date":"2025-10-26T17:00:00","date_gmt":"2025-10-26T20:00:00","guid":{"rendered":"https:\/\/diariodepernambuco.audiencelabs.com.br\/?p=7111"},"modified":"2025-10-27T00:06:06","modified_gmt":"2025-10-27T03:06:06","slug":"3-cidades-brasileiras-que-vao-enfrentar-chuvas-intensas","status":"publish","type":"post","link":"https:\/\/diariodepernambuco.audiencelabs.com.br\/3-cidades-brasileiras-que-vao-enfrentar-chuvas-intensas\/","title":{"rendered":"3 estados brasileiros que v\u00e3o enfrentar chuvas intensas"},"content":{"rendered":"\n<p>O Instituto Nacional de Meteorologia (Inmet) prev\u00ea o retorno das chuvas \u00e0 Regi\u00e3o Sul do Brasil no in\u00edcio da pr\u00f3xima semana. Segundo o modelo num\u00e9rico Cosmo, atualizado na \u00faltima quarta-feira (22), \u00e1reas de instabilidade devem se intensificar no Rio Grande do Sul a partir do fim de semana, avan\u00e7ando posteriormente para Santa Catarina e Paran\u00e1.<\/p>\n\n\n\n<p>Nos primeiros quadros do modelo, as chuvas devem ocorrer inicialmente sobre o oeste e o centro-norte do Rio Grande do Sul, com acumulados de 20 a 50 mil\u00edmetros em 24 horas. \u00c0 medida que o sistema se desloca, a precipita\u00e7\u00e3o se torna mais intensa e abrangente, chegando a superar 70 mil\u00edmetros em algumas \u00e1reas do norte ga\u00facho.<\/p>\n\n\n\n<p>O cen\u00e1rio mais cr\u00edtico deve ocorrer no norte do Rio Grande do Sul, oeste de Santa Catarina e sul do Paran\u00e1, onde os tons de vermelho e rosa nos mapas indicam ac\u00famulos superiores a 100 mil\u00edmetros em 24 horas. Essa faixa de instabilidade se estende no sentido noroeste-sudeste, apontando para chuvas cont\u00ednuas e intensas no in\u00edcio da semana.<\/p>\n\n\n\n<p>Enquanto isso, no sul e no extremo leste do Rio Grande do Sul, o modelo prev\u00ea precipita\u00e7\u00f5es fracas e isoladas, com acumulados mais baixos, entre 5 e 15 mil\u00edmetros. O Inmet tamb\u00e9m realizou alertas para outras \u00e1reas do pa\u00eds, casos da Regi\u00e3o Norte e Nordeste.<\/p>\n\n\n\n<h2 class=\"wp-block-heading\">Como se proteger de chuvas intensas<\/h2>\n\n\n\n<p>Proteger-se de chuvas intensas requer preven\u00e7\u00e3o, aten\u00e7\u00e3o \u00e0s informa\u00e7\u00f5es meteorol\u00f3gicas e cuidados durante o evento. Aqui est\u00e3o algumas recomenda\u00e7\u00f5es essenciais:<\/p>\n\n\n\n<p><strong>Antes das chuvas<\/strong><\/p>\n\n\n\n<ul class=\"wp-block-list\">\n<li>Acompanhe previs\u00f5es: use aplicativos de meteorologia, sites oficiais como o Inmet ou alertas de defesa civil.<\/li>\n\n\n\n<li>Evite \u00e1reas de risco: n\u00e3o permane\u00e7a pr\u00f3ximo a rios, encostas ou regi\u00f5es sujeitas a deslizamentos e alagamentos.<\/li>\n\n\n\n<li>Verifique a casa: limpe calhas e bueiros, e reforce estruturas fr\u00e1geis.<\/li>\n<\/ul>\n\n\n\n<p><strong>Durante as chuvas<\/strong><\/p>\n\n\n\n<ul class=\"wp-block-list\">\n<li>Fique em locais seguros: prefira ambientes internos e elevados, longe de \u00e1rvores, postes ou \u00e1reas alag\u00e1veis.<\/li>\n\n\n\n<li>Evite dirigir: se poss\u00edvel, n\u00e3o use ve\u00edculos em ruas alagadas; o risco de acidentes e atolamentos \u00e9 alto.<\/li>\n\n\n\n<li>Tenha kit de emerg\u00eancia: \u00e1gua pot\u00e1vel, lanternas, r\u00e1dio, alimentos n\u00e3o perec\u00edveis e medicamentos essenciais.<\/li>\n<\/ul>\n\n\n\n<p><strong>Depois das chuvas<\/strong><\/p>\n\n\n\n<ul class=\"wp-block-list\">\n<li>Cuidado com enchentes e deslizamentos: s\u00f3 retorne a \u00e1reas alagadas quando estiver seguro.<\/li>\n\n\n\n<li>Evite contato com \u00e1gua: em enchentes, a \u00e1gua pode estar contaminada e causar doen\u00e7as.<\/li>\n\n\n\n<li>Reporte problemas: alerte autoridades sobre riscos como \u00e1rvores ca\u00eddas, deslizamentos ou infiltra\u00e7\u00f5es.<\/li>\n<\/ul>\n\n\n\n<p><\/p>\n","protected":false},"excerpt":{"rendered":"<p>O Instituto Nacional de Meteorologia (Inmet) prev\u00ea o retorno das chuvas \u00e0 Regi\u00e3o Sul do Brasil no in\u00edcio da pr\u00f3xima semana. Segundo o modelo num\u00e9rico Cosmo, atualizado na \u00faltima quarta-feira (22), \u00e1reas de instabilidade devem se intensificar no Rio Grande do Sul a partir do fim de semana, avan\u00e7ando posteriormente para Santa Catarina e Paran\u00e1. [&hellip;]<\/p>\n","protected":false},"author":4,"featured_media":6580,"comment_status":"open","ping_status":"open","sticky":false,"template":"","format":"standard","meta":{"jnews-multi-image_gallery":[],"jnews_single_post":[],"jnews_primary_category":[],"jnews_social_meta":[],"jnews_post_split":[],"footnotes":""},"categories":[1],"tags":[],"class_list":["post-7111","post","type-post","status-publish","format-standard","has-post-thumbnail","hentry","category-uncategorized"],"_links":{"self":[{"href":"https:\/\/diariodepernambuco.audiencelabs.com.br\/wp-json\/wp\/v2\/posts\/7111","targetHints":{"allow":["GET"]}}],"collection":[{"href":"https:\/\/diariodepernambuco.audiencelabs.com.br\/wp-json\/wp\/v2\/posts"}],"about":[{"href":"https:\/\/diariodepernambuco.audiencelabs.com.br\/wp-json\/wp\/v2\/types\/post"}],"author":[{"embeddable":true,"href":"https:\/\/diariodepernambuco.audiencelabs.com.br\/wp-json\/wp\/v2\/users\/4"}],"replies":[{"embeddable":true,"href":"https:\/\/diariodepernambuco.audiencelabs.com.br\/wp-json\/wp\/v2\/comments?post=7111"}],"version-history":[{"count":3,"href":"https:\/\/diariodepernambuco.audiencelabs.com.br\/wp-json\/wp\/v2\/posts\/7111\/revisions"}],"predecessor-version":[{"id":7114,"href":"https:\/\/diariodepernambuco.audiencelabs.com.br\/wp-json\/wp\/v2\/posts\/7111\/revisions\/7114"}],"wp:featuredmedia":[{"embeddable":true,"href":"https:\/\/diariodepernambuco.audiencelabs.com.br\/wp-json\/wp\/v2\/media\/6580"}],"wp:attachment":[{"href":"https:\/\/diariodepernambuco.audiencelabs.com.br\/wp-json\/wp\/v2\/media?parent=7111"}],"wp:term":[{"taxonomy":"category","embeddable":true,"href":"https:\/\/diariodepernambuco.audiencelabs.com.br\/wp-json\/wp\/v2\/categories?post=7111"},{"taxonomy":"post_tag","embeddable":true,"href":"https:\/\/diariodepernambuco.audiencelabs.com.br\/wp-json\/wp\/v2\/tags?post=7111"}],"curies":[{"name":"wp","href":"https:\/\/api.w.org\/{rel}","templated":true}]}}