{"id":7125,"date":"2025-10-26T15:00:00","date_gmt":"2025-10-26T18:00:00","guid":{"rendered":"https:\/\/diariodepernambuco.audiencelabs.com.br\/?p=7125"},"modified":"2025-10-24T10:46:01","modified_gmt":"2025-10-24T13:46:01","slug":"morador-de-rua-venceu-na-vida-e-conquistou-corpo-desejado-por-milhares-de-homens","status":"publish","type":"post","link":"https:\/\/diariodepernambuco.audiencelabs.com.br\/morador-de-rua-venceu-na-vida-e-conquistou-corpo-desejado-por-milhares-de-homens\/","title":{"rendered":"Morador de rua venceu na vida e conquistou corpo desejado por milhares de homens"},"content":{"rendered":"\n<p>Quem v\u00ea hoje o sorriso do fisiculturista baiano Lucas Coelho dificilmente imagina o passado marcado por dor que moldou sua trajet\u00f3ria. Ex-usu\u00e1rio de drogas, ele chegou a enfrentar fome devido \u00e0 depend\u00eancia qu\u00edmica e viveu nas ruas de S\u00e3o Paulo. Vinte anos depois, celebra a supera\u00e7\u00e3o do v\u00edcio dedicando-se ao que mais ama: a muscula\u00e7\u00e3o.<\/p>\n\n\n\n<p>Hoje, Lucas Coelho \u00e9 um dos principais atletas da categoria 212 do fisiculturismo e competidor do Mister Olympia 2025, a mais prestigiada competi\u00e7\u00e3o do esporte. No entanto, ele passou anos vivendo no centro de S\u00e3o Paulo, pedindo esmolas para sustentar o v\u00edcio em coca\u00edna e crack. Natural de Gandu, na Bahia, o jovem havia se mudado para a capital paulista em busca de uma vida melhor.<\/p>\n\n\n\n<p>A facilidade de acesso \u00e0s drogas acabou levando-o \u00e0 Cracol\u00e2ndia, regi\u00e3o do centro de S\u00e3o Paulo conhecida pela concentra\u00e7\u00e3o de usu\u00e1rios de crack e outras subst\u00e2ncias em situa\u00e7\u00e3o de rua. A dificuldade em conseguir emprego ainda agravou a situa\u00e7\u00e3o, tornando a recupera\u00e7\u00e3o um desafio ainda maior.<\/p>\n\n\n\n<p>&#8220;N\u00e3o sei se muita gente conhece esse lado da minha hist\u00f3ria, mas j\u00e1 fui um cara desprovido de viv\u00eancia familiar. Fui morador de rua, dependente qu\u00edmico, isso h\u00e1 muitos anos. \u00c9 uma parte da minha vida que n\u00e3o pode ser apagada nem esquecida. Mas consegui me libertar ao acreditar 100% em Deus e tra\u00e7ar meus objetivos&#8221;, disse.<\/p>\n\n\n\n<p>A mudan\u00e7a de vida de Lucas aconteceu aos 20 anos, quando recebeu apoio de um projeto social. Essas pessoas o retiraram das ruas e apresentaram novas perspectivas de vida. A partir da\u00ed, o esporte e o fisiculturismo passaram a fazer parte de sua rotina, substituindo gradualmente a depend\u00eancia qu\u00edmica.<\/p>\n\n\n\n<p><\/p>\n","protected":false},"excerpt":{"rendered":"<p>Quem v\u00ea hoje o sorriso do fisiculturista baiano Lucas Coelho dificilmente imagina o passado marcado por dor que moldou sua trajet\u00f3ria. Ex-usu\u00e1rio de drogas, ele chegou a enfrentar fome devido \u00e0 depend\u00eancia qu\u00edmica e viveu nas ruas de S\u00e3o Paulo. Vinte anos depois, celebra a supera\u00e7\u00e3o do v\u00edcio dedicando-se ao que mais ama: a muscula\u00e7\u00e3o. [&hellip;]<\/p>\n","protected":false},"author":4,"featured_media":7129,"comment_status":"open","ping_status":"open","sticky":false,"template":"","format":"standard","meta":{"jnews-multi-image_gallery":[],"jnews_single_post":{"format":"standard"},"jnews_primary_category":[],"jnews_social_meta":[],"jnews_post_split":[],"footnotes":""},"categories":[1],"tags":[],"class_list":["post-7125","post","type-post","status-publish","format-standard","has-post-thumbnail","hentry","category-uncategorized"],"_links":{"self":[{"href":"https:\/\/diariodepernambuco.audiencelabs.com.br\/wp-json\/wp\/v2\/posts\/7125","targetHints":{"allow":["GET"]}}],"collection":[{"href":"https:\/\/diariodepernambuco.audiencelabs.com.br\/wp-json\/wp\/v2\/posts"}],"about":[{"href":"https:\/\/diariodepernambuco.audiencelabs.com.br\/wp-json\/wp\/v2\/types\/post"}],"author":[{"embeddable":true,"href":"https:\/\/diariodepernambuco.audiencelabs.com.br\/wp-json\/wp\/v2\/users\/4"}],"replies":[{"embeddable":true,"href":"https:\/\/diariodepernambuco.audiencelabs.com.br\/wp-json\/wp\/v2\/comments?post=7125"}],"version-history":[{"count":2,"href":"https:\/\/diariodepernambuco.audiencelabs.com.br\/wp-json\/wp\/v2\/posts\/7125\/revisions"}],"predecessor-version":[{"id":7130,"href":"https:\/\/diariodepernambuco.audiencelabs.com.br\/wp-json\/wp\/v2\/posts\/7125\/revisions\/7130"}],"wp:featuredmedia":[{"embeddable":true,"href":"https:\/\/diariodepernambuco.audiencelabs.com.br\/wp-json\/wp\/v2\/media\/7129"}],"wp:attachment":[{"href":"https:\/\/diariodepernambuco.audiencelabs.com.br\/wp-json\/wp\/v2\/media?parent=7125"}],"wp:term":[{"taxonomy":"category","embeddable":true,"href":"https:\/\/diariodepernambuco.audiencelabs.com.br\/wp-json\/wp\/v2\/categories?post=7125"},{"taxonomy":"post_tag","embeddable":true,"href":"https:\/\/diariodepernambuco.audiencelabs.com.br\/wp-json\/wp\/v2\/tags?post=7125"}],"curies":[{"name":"wp","href":"https:\/\/api.w.org\/{rel}","templated":true}]}}