{"id":7131,"date":"2025-10-24T11:41:19","date_gmt":"2025-10-24T14:41:19","guid":{"rendered":"https:\/\/diariodepernambuco.audiencelabs.com.br\/?p=7131"},"modified":"2025-10-24T16:05:08","modified_gmt":"2025-10-24T19:05:08","slug":"lista-de-brasileiros-ganha-isencao-de-gasolina-nos-abastecimentos","status":"publish","type":"post","link":"https:\/\/diariodepernambuco.audiencelabs.com.br\/lista-de-brasileiros-ganha-isencao-de-gasolina-nos-abastecimentos\/","title":{"rendered":"Lista de brasileiros ganha isen\u00e7\u00e3o de gasolina nos abastecimentos"},"content":{"rendered":"\n<p>Alguns brasileiros t\u00eam a vantagem de n\u00e3o precisar pagar pela gasolina utilizada em suas fun\u00e7\u00f5es profissionais. Seja pelo fornecimento direto do combust\u00edvel pela empresa, pelo uso de ve\u00edculos oficiais ou pelo reembolso de gastos com transporte, essa isen\u00e7\u00e3o beneficia trabalhadores que dependem do carro para desempenhar suas atividades di\u00e1rias.<\/p>\n\n\n\n<p>Entre os principais beneficiados est\u00e3o os motoristas de frota das empresas, que dirigem ve\u00edculos corporativos como carros de entrega, transporte ou visitas t\u00e9cnicas, e t\u00eam o combust\u00edvel pago pela companhia. Tamb\u00e9m est\u00e3o inclu\u00eddos motoristas de transporte p\u00fablico e caminhoneiros contratados, cujo abastecimento \u00e9 fornecido pela empresa de \u00f4nibus, transporte de cargas ou log\u00edstica.<\/p>\n\n\n\n<p>Profissionais que utilizam carros corporativos, como executivos, representantes comerciais e supervisores, normalmente recebem abastecimento pago por meio de cart\u00e3o combust\u00edvel. Al\u00e9m deles, t\u00e9cnicos, vendedores e consultores que utilizam o pr\u00f3prio ve\u00edculo podem contar com vale-combust\u00edvel ou reembolso por quilometragem.<\/p>\n\n\n\n<p>Por fim, motoristas de \u00f3rg\u00e3os p\u00fablicos ou aut\u00e1rquicos, que dirigem ambul\u00e2ncias, viaturas e carros administrativos, tamb\u00e9m t\u00eam o combust\u00edvel custeado pelo governo, garantindo que n\u00e3o precisem arcar com esses custos em suas fun\u00e7\u00f5es.<\/p>\n\n\n<div class=\"wp-block-image\">\n<figure class=\"aligncenter size-full\"><img loading=\"lazy\" decoding=\"async\" width=\"640\" height=\"480\" src=\"https:\/\/diariodepernambuco.audiencelabs.com.br\/wp-content\/uploads\/2025\/10\/engin-akyurt-4dOr247sHaI-unsplash.jpg\" alt=\"Foto de engin akyurt na Unsplash\" class=\"wp-image-7199\" srcset=\"https:\/\/diariodepernambuco.audiencelabs.com.br\/wp-content\/uploads\/2025\/10\/engin-akyurt-4dOr247sHaI-unsplash.jpg 640w, https:\/\/diariodepernambuco.audiencelabs.com.br\/wp-content\/uploads\/2025\/10\/engin-akyurt-4dOr247sHaI-unsplash-300x225.jpg 300w\" sizes=\"auto, (max-width: 640px) 100vw, 640px\" \/><\/figure>\n<\/div>\n\n\n<h2 class=\"wp-block-heading\">Quem tem direito \u00e0 isen\u00e7\u00e3o e como funciona o benef\u00edcio<\/h2>\n\n\n\n<p>A isen\u00e7\u00e3o no pagamento de gasolina n\u00e3o se limita apenas ao abastecimento gratuito: ela reflete a natureza da fun\u00e7\u00e3o ou a pol\u00edtica da empresa, garantindo que profissionais que dependem do ve\u00edculo para trabalhar n\u00e3o precisem arcar com esses custos. Em muitos casos, o benef\u00edcio tamb\u00e9m inclui cart\u00f5es de combust\u00edvel, vales ou reembolsos, tornando o dia a dia mais pr\u00e1tico e econ\u00f4mico.<\/p>\n\n\n\n<p>Al\u00e9m de facilitar a rotina de quem dirige constantemente, a medida contribui para reduzir despesas operacionais e otimizar a produtividade, j\u00e1 que os trabalhadores podem se concentrar nas atividades sem se preocupar com os gastos com combust\u00edvel. Por isso, \u00e9 importante que empresas e \u00f3rg\u00e3os p\u00fablicos mantenham claridade sobre quem tem direito e como utilizar o benef\u00edcio corretamente.<\/p>\n\n\n\n<p><\/p>\n","protected":false},"excerpt":{"rendered":"<p>Alguns brasileiros t\u00eam a vantagem de n\u00e3o precisar pagar pela gasolina utilizada em suas fun\u00e7\u00f5es profissionais. Seja pelo fornecimento direto do combust\u00edvel pela empresa, pelo uso de ve\u00edculos oficiais ou pelo reembolso de gastos com transporte, essa isen\u00e7\u00e3o beneficia trabalhadores que dependem do carro para desempenhar suas atividades di\u00e1rias. Entre os principais beneficiados est\u00e3o os [&hellip;]<\/p>\n","protected":false},"author":4,"featured_media":1927,"comment_status":"open","ping_status":"open","sticky":false,"template":"","format":"standard","meta":{"jnews-multi-image_gallery":[],"jnews_single_post":{"format":"standard"},"jnews_primary_category":[],"jnews_social_meta":[],"jnews_post_split":[],"footnotes":""},"categories":[1],"tags":[],"class_list":["post-7131","post","type-post","status-publish","format-standard","has-post-thumbnail","hentry","category-uncategorized"],"_links":{"self":[{"href":"https:\/\/diariodepernambuco.audiencelabs.com.br\/wp-json\/wp\/v2\/posts\/7131","targetHints":{"allow":["GET"]}}],"collection":[{"href":"https:\/\/diariodepernambuco.audiencelabs.com.br\/wp-json\/wp\/v2\/posts"}],"about":[{"href":"https:\/\/diariodepernambuco.audiencelabs.com.br\/wp-json\/wp\/v2\/types\/post"}],"author":[{"embeddable":true,"href":"https:\/\/diariodepernambuco.audiencelabs.com.br\/wp-json\/wp\/v2\/users\/4"}],"replies":[{"embeddable":true,"href":"https:\/\/diariodepernambuco.audiencelabs.com.br\/wp-json\/wp\/v2\/comments?post=7131"}],"version-history":[{"count":2,"href":"https:\/\/diariodepernambuco.audiencelabs.com.br\/wp-json\/wp\/v2\/posts\/7131\/revisions"}],"predecessor-version":[{"id":7201,"href":"https:\/\/diariodepernambuco.audiencelabs.com.br\/wp-json\/wp\/v2\/posts\/7131\/revisions\/7201"}],"wp:featuredmedia":[{"embeddable":true,"href":"https:\/\/diariodepernambuco.audiencelabs.com.br\/wp-json\/wp\/v2\/media\/1927"}],"wp:attachment":[{"href":"https:\/\/diariodepernambuco.audiencelabs.com.br\/wp-json\/wp\/v2\/media?parent=7131"}],"wp:term":[{"taxonomy":"category","embeddable":true,"href":"https:\/\/diariodepernambuco.audiencelabs.com.br\/wp-json\/wp\/v2\/categories?post=7131"},{"taxonomy":"post_tag","embeddable":true,"href":"https:\/\/diariodepernambuco.audiencelabs.com.br\/wp-json\/wp\/v2\/tags?post=7131"}],"curies":[{"name":"wp","href":"https:\/\/api.w.org\/{rel}","templated":true}]}}