{"id":7133,"date":"2025-10-27T12:30:00","date_gmt":"2025-10-27T15:30:00","guid":{"rendered":"https:\/\/diariodepernambuco.audiencelabs.com.br\/?p=7133"},"modified":"2025-10-24T11:50:15","modified_gmt":"2025-10-24T14:50:15","slug":"carro-amado-pelos-brasileiros-saiu-de-linha-e-nao-e-mais-produzido","status":"publish","type":"post","link":"https:\/\/diariodepernambuco.audiencelabs.com.br\/carro-amado-pelos-brasileiros-saiu-de-linha-e-nao-e-mais-produzido\/","title":{"rendered":"Carro amado pelos brasileiros saiu de linha e n\u00e3o \u00e9 mais produzido"},"content":{"rendered":"\n<p>O Renault Stepway, um dos modelos mais queridos pelos brasileiros, acaba de sair de linha e n\u00e3o ser\u00e1 mais produzido. Conhecido por seu design robusto, conforto e versatilidade, o carro conquistou motoristas de diferentes perfis, tornando-se refer\u00eancia no segmento de SUVs compactos. Agora, com a descontinua\u00e7\u00e3o, f\u00e3s do modelo se despedem de um ve\u00edculo que marcou presen\u00e7a nas ruas.<\/p>\n\n\n\n<p>A Renault foi retirando o Stepway do mercado de forma gradual. Em mar\u00e7o de 2024, as vers\u00f5es 1.6 foram descontinuadas na f\u00e1brica de S\u00e3o Jos\u00e9 dos Pinhais (SP), restando apenas a op\u00e7\u00e3o 1.0 aspirada para os consumidores.<\/p>\n\n\n\n<p>No entanto, diante da queda nas vendas, a montadora decidiu encerrar de vez a produ\u00e7\u00e3o do Stepway no Brasil. Nos \u00faltimos meses, a vers\u00e3o 1.0 oferecia 82 cv de pot\u00eancia e 10,5 kgfm de torque, com c\u00e2mbio manual de cinco marchas, mantendo a proposta de um hatch aventureiro acess\u00edvel e vers\u00e1til at\u00e9 o fim de sua trajet\u00f3ria no pa\u00eds.<\/p>\n\n\n\n<p>O fim do Stepway no Brasil marca o encerramento de uma era para os f\u00e3s de hatchs aventureiros. Ao longo dos anos, o modelo se destacou por unir robustez, espa\u00e7o interno e estilo aventureiro a um pre\u00e7o competitivo, conquistando motoristas que buscavam um ve\u00edculo pr\u00e1tico para o dia a dia, mas tamb\u00e9m capaz de enfrentar terrenos irregulares.<\/p>\n\n\n\n<h2 class=\"wp-block-heading\">Outros carros que sa\u00edram de linha no Brasil em 2025<\/h2>\n\n\n\n<ul class=\"wp-block-list\">\n<li>Audi A4 &#8211; No segmento premium, o Audi A4 deixou de ser comercializado no Brasil ainda no primeiro semestre de 2025. Contudo, isso n\u00e3o representou o fim do sed\u00e3, j\u00e1 que a Audi optou por unificar os modelos A4 e A5, evitando assim uma poss\u00edvel sobreposi\u00e7\u00e3o e canibaliza\u00e7\u00e3o entre os dois ve\u00edculos.<\/li>\n<\/ul>\n\n\n\n<ul class=\"wp-block-list\">\n<li>Jaguar E-Pace &#8211; O \u201crebranding\u201d da Jaguar talvez tenha sido um dos temas mais comentados no universo automotivo no in\u00edcio deste ano. Com a iniciativa, a marca retirou todos os seus modelos de linha para revelar um conceito el\u00e9trico, que antecipa sua estrat\u00e9gia rumo ao futuro. O objetivo \u00e9 competir diretamente com marcas de luxo como Rolls-Royce e Bentley.<\/li>\n<\/ul>\n\n\n\n<ul class=\"wp-block-list\">\n<li>Toyota Yaris &#8211; O Toyota Yaris \u00e9 mais um modelo que se despediu das concession\u00e1rias brasileiras em 2025. O sed\u00e3 saiu de linha ainda no ano passado, com a produ\u00e7\u00e3o interrompida em novembro de 2024. Unidades que ainda estavam em estoque continuaram sendo vendidas ao longo deste ano, mas finalmente se esgotaram.<\/li>\n<\/ul>\n\n\n\n<ul class=\"wp-block-list\">\n<li>Volkswagen Polo GTS &#8211; Em mar\u00e7o deste ano, a Volkswagen anunciou o fim do Polo GTS, a vers\u00e3o esportiva do hatch compacto lan\u00e7ada em 2019. O modelo contava com motor 1.4 turbo flex da fam\u00edlia EA211, de quatro cilindros, 16 v\u00e1lvulas e inje\u00e7\u00e3o direta de combust\u00edvel, capaz de entregar 150 cv de pot\u00eancia e 25,5 kgfm de torque, independentemente do tipo de combust\u00edvel utilizado.<\/li>\n<\/ul>\n\n\n\n<p><\/p>\n","protected":false},"excerpt":{"rendered":"<p>O Renault Stepway, um dos modelos mais queridos pelos brasileiros, acaba de sair de linha e n\u00e3o ser\u00e1 mais produzido. Conhecido por seu design robusto, conforto e versatilidade, o carro conquistou motoristas de diferentes perfis, tornando-se refer\u00eancia no segmento de SUVs compactos. Agora, com a descontinua\u00e7\u00e3o, f\u00e3s do modelo se despedem de um ve\u00edculo que [&hellip;]<\/p>\n","protected":false},"author":4,"featured_media":7136,"comment_status":"open","ping_status":"open","sticky":false,"template":"","format":"standard","meta":{"jnews-multi-image_gallery":[],"jnews_single_post":{"format":"standard"},"jnews_primary_category":[],"jnews_social_meta":[],"jnews_post_split":[],"footnotes":""},"categories":[1],"tags":[],"class_list":["post-7133","post","type-post","status-publish","format-standard","has-post-thumbnail","hentry","category-uncategorized"],"_links":{"self":[{"href":"https:\/\/diariodepernambuco.audiencelabs.com.br\/wp-json\/wp\/v2\/posts\/7133","targetHints":{"allow":["GET"]}}],"collection":[{"href":"https:\/\/diariodepernambuco.audiencelabs.com.br\/wp-json\/wp\/v2\/posts"}],"about":[{"href":"https:\/\/diariodepernambuco.audiencelabs.com.br\/wp-json\/wp\/v2\/types\/post"}],"author":[{"embeddable":true,"href":"https:\/\/diariodepernambuco.audiencelabs.com.br\/wp-json\/wp\/v2\/users\/4"}],"replies":[{"embeddable":true,"href":"https:\/\/diariodepernambuco.audiencelabs.com.br\/wp-json\/wp\/v2\/comments?post=7133"}],"version-history":[{"count":2,"href":"https:\/\/diariodepernambuco.audiencelabs.com.br\/wp-json\/wp\/v2\/posts\/7133\/revisions"}],"predecessor-version":[{"id":7137,"href":"https:\/\/diariodepernambuco.audiencelabs.com.br\/wp-json\/wp\/v2\/posts\/7133\/revisions\/7137"}],"wp:featuredmedia":[{"embeddable":true,"href":"https:\/\/diariodepernambuco.audiencelabs.com.br\/wp-json\/wp\/v2\/media\/7136"}],"wp:attachment":[{"href":"https:\/\/diariodepernambuco.audiencelabs.com.br\/wp-json\/wp\/v2\/media?parent=7133"}],"wp:term":[{"taxonomy":"category","embeddable":true,"href":"https:\/\/diariodepernambuco.audiencelabs.com.br\/wp-json\/wp\/v2\/categories?post=7133"},{"taxonomy":"post_tag","embeddable":true,"href":"https:\/\/diariodepernambuco.audiencelabs.com.br\/wp-json\/wp\/v2\/tags?post=7133"}],"curies":[{"name":"wp","href":"https:\/\/api.w.org\/{rel}","templated":true}]}}