{"id":7152,"date":"2025-10-27T15:00:00","date_gmt":"2025-10-27T18:00:00","guid":{"rendered":"https:\/\/diariodepernambuco.audiencelabs.com.br\/?p=7152"},"modified":"2025-10-24T12:20:50","modified_gmt":"2025-10-24T15:20:50","slug":"imigrantes-de-pais-vizinho-deixam-terra-natal-e-se-tornam-maior-migracao-do-brasil","status":"publish","type":"post","link":"https:\/\/diariodepernambuco.audiencelabs.com.br\/imigrantes-de-pais-vizinho-deixam-terra-natal-e-se-tornam-maior-migracao-do-brasil\/","title":{"rendered":"Imigrantes de pa\u00eds vizinho deixam terra natal e se tornam maior migra\u00e7\u00e3o do Brasil"},"content":{"rendered":"\n<p>A imigra\u00e7\u00e3o venezuelana no Brasil tem se destacado como o maior movimento migrat\u00f3rio da hist\u00f3ria recente do pa\u00eds. Em 2022, os venezuelanos ultrapassaram os portugueses, que ocupavam a posi\u00e7\u00e3o de maior grupo estrangeiro at\u00e9 ent\u00e3o, totalizando 271,5 mil pessoas.<\/p>\n\n\n\n<p>Esse aumento significativo reflete a crise pol\u00edtica, econ\u00f4mica e social enfrentada pela Venezuela, que impulsionou milhares de cidad\u00e3os a buscar ref\u00fagio em na\u00e7\u00f5es vizinhas, com o Brasil sendo um dos principais destinos. A Opera\u00e7\u00e3o Acolhida, iniciada em 2018, tem sido fundamental nesse processo, oferecendo apoio humanit\u00e1rio e promovendo a interioriza\u00e7\u00e3o dos migrantes.<\/p>\n\n\n\n<p>Ap\u00f3s os venezuelanos e portugueses, as popula\u00e7\u00f5es estrangeiras mais expressivas no Brasil incluem bolivianos (80,3 mil), paraguaios (58,3 mil), haitianos (57,4 mil) e argentinos (42,6 mil). No total, os latino-americanos somam cerca de 646 mil pessoas, representando aproximadamente dois ter\u00e7os de todos os estrangeiros e naturalizados no pa\u00eds.<\/p>\n\n\n\n<p>Entre os imigrantes de fora da Am\u00e9rica Latina, destacam-se, al\u00e9m dos portugueses, japoneses (39 mil), italianos (30,2 mil), chineses (23,8 mil), estadunidenses (23,3 mil) e espanh\u00f3is (23,1 mil). O estado de Roraima, vizinho da Venezuela, se sobressai por ter a maior propor\u00e7\u00e3o de estrangeiros em sua popula\u00e7\u00e3o, chegando a cerca de 12% em 2022.<\/p>\n\n\n\n<h2 class=\"wp-block-heading\">Perfil e distribui\u00e7\u00e3o dos imigrantes no Brasil<\/h2>\n\n\n\n<p>A diversidade de imigrantes no Brasil reflete tanto a proximidade geogr\u00e1fica quanto as oportunidades econ\u00f4micas e sociais oferecidas pelo pa\u00eds. Enquanto a maior parte dos estrangeiros vem da Am\u00e9rica Latina, como venezuelanos, bolivianos e paraguaios, h\u00e1 tamb\u00e9m grupos significativos de outras regi\u00f5es, incluindo japoneses, italianos, chineses e norte-americanos.<\/p>\n\n\n\n<p>A concentra\u00e7\u00e3o de estrangeiros varia bastante entre os estados. Roraima, por exemplo, destaca-se como o estado com maior propor\u00e7\u00e3o de imigrantes em rela\u00e7\u00e3o \u00e0 popula\u00e7\u00e3o local, com cerca de 12% em 2022, enquanto outros estados recebem comunidades menores, mas igualmente importantes para a forma\u00e7\u00e3o do mosaico cultural e social do Brasil.<\/p>\n\n\n\n<p><\/p>\n","protected":false},"excerpt":{"rendered":"<p>A imigra\u00e7\u00e3o venezuelana no Brasil tem se destacado como o maior movimento migrat\u00f3rio da hist\u00f3ria recente do pa\u00eds. Em 2022, os venezuelanos ultrapassaram os portugueses, que ocupavam a posi\u00e7\u00e3o de maior grupo estrangeiro at\u00e9 ent\u00e3o, totalizando 271,5 mil pessoas. Esse aumento significativo reflete a crise pol\u00edtica, econ\u00f4mica e social enfrentada pela Venezuela, que impulsionou milhares [&hellip;]<\/p>\n","protected":false},"author":4,"featured_media":7155,"comment_status":"open","ping_status":"open","sticky":false,"template":"","format":"standard","meta":{"jnews-multi-image_gallery":[],"jnews_single_post":{"format":"standard"},"jnews_primary_category":[],"jnews_social_meta":[],"jnews_post_split":[],"footnotes":""},"categories":[1],"tags":[],"class_list":["post-7152","post","type-post","status-publish","format-standard","has-post-thumbnail","hentry","category-uncategorized"],"_links":{"self":[{"href":"https:\/\/diariodepernambuco.audiencelabs.com.br\/wp-json\/wp\/v2\/posts\/7152","targetHints":{"allow":["GET"]}}],"collection":[{"href":"https:\/\/diariodepernambuco.audiencelabs.com.br\/wp-json\/wp\/v2\/posts"}],"about":[{"href":"https:\/\/diariodepernambuco.audiencelabs.com.br\/wp-json\/wp\/v2\/types\/post"}],"author":[{"embeddable":true,"href":"https:\/\/diariodepernambuco.audiencelabs.com.br\/wp-json\/wp\/v2\/users\/4"}],"replies":[{"embeddable":true,"href":"https:\/\/diariodepernambuco.audiencelabs.com.br\/wp-json\/wp\/v2\/comments?post=7152"}],"version-history":[{"count":2,"href":"https:\/\/diariodepernambuco.audiencelabs.com.br\/wp-json\/wp\/v2\/posts\/7152\/revisions"}],"predecessor-version":[{"id":7156,"href":"https:\/\/diariodepernambuco.audiencelabs.com.br\/wp-json\/wp\/v2\/posts\/7152\/revisions\/7156"}],"wp:featuredmedia":[{"embeddable":true,"href":"https:\/\/diariodepernambuco.audiencelabs.com.br\/wp-json\/wp\/v2\/media\/7155"}],"wp:attachment":[{"href":"https:\/\/diariodepernambuco.audiencelabs.com.br\/wp-json\/wp\/v2\/media?parent=7152"}],"wp:term":[{"taxonomy":"category","embeddable":true,"href":"https:\/\/diariodepernambuco.audiencelabs.com.br\/wp-json\/wp\/v2\/categories?post=7152"},{"taxonomy":"post_tag","embeddable":true,"href":"https:\/\/diariodepernambuco.audiencelabs.com.br\/wp-json\/wp\/v2\/tags?post=7152"}],"curies":[{"name":"wp","href":"https:\/\/api.w.org\/{rel}","templated":true}]}}