{"id":7226,"date":"2025-10-27T08:50:37","date_gmt":"2025-10-27T11:50:37","guid":{"rendered":"https:\/\/diariodepernambuco.audiencelabs.com.br\/?p=7226"},"modified":"2025-10-27T08:50:44","modified_gmt":"2025-10-27T11:50:44","slug":"lei-aprovada-garante-ipva-100-de-graca-para-milhares-de-brasileiros","status":"publish","type":"post","link":"https:\/\/diariodepernambuco.audiencelabs.com.br\/lei-aprovada-garante-ipva-100-de-graca-para-milhares-de-brasileiros\/","title":{"rendered":"Lei aprovada garante IPVA 100% de gra\u00e7a para milhares de brasileiros"},"content":{"rendered":"\n<p>Milhares de motoristas em todo o Brasil podem ter direito \u00e0 isen\u00e7\u00e3o total do IPVA, gra\u00e7as a uma lei que estabelece regras espec\u00edficas de acordo com a idade dos ve\u00edculos. Em diversos estados, autom\u00f3veis mais antigos passam a ser isentos automaticamente do imposto, o que representa um grande al\u00edvio no bolso dos propriet\u00e1rios.<\/p>\n\n\n\n<p>As regras variam de regi\u00e3o para regi\u00e3o, mas o benef\u00edcio j\u00e1 vem sendo aproveitado por quem mant\u00e9m ve\u00edculos com mais de uma d\u00e9cada de uso. Em alguns estados, como S\u00e3o Paulo e Rio de Janeiro, a isen\u00e7\u00e3o \u00e9 concedida para ve\u00edculos com 20 anos ou mais de fabrica\u00e7\u00e3o.<\/p>\n\n\n\n<p>J\u00e1 em locais como Goi\u00e1s e Rio Grande do Sul, o prazo \u00e9 reduzido para 15 anos, enquanto no Amap\u00e1, Roraima e Rio Grande do Norte, o benef\u00edcio \u00e9 ainda mais amplo, alcan\u00e7ando carros com 10 anos de uso. Essa diferen\u00e7a ocorre porque o IPVA \u00e9 um tributo estadual, e cada governo define suas pr\u00f3prias regras de cobran\u00e7a e isen\u00e7\u00e3o.<\/p>\n\n\n\n<p>A medida reconhece o valor hist\u00f3rico e o menor impacto econ\u00f4mico desses ve\u00edculos, evitando cobran\u00e7as que muitas vezes superam seu valor de mercado. Quem se enquadra na isen\u00e7\u00e3o deve verificar junto \u00e0 Secretaria da Fazenda se o benef\u00edcio \u00e9 autom\u00e1tico ou precisa ser solicitado.<\/p>\n\n\n\n<h2 class=\"wp-block-heading\">Regras de isen\u00e7\u00e3o do IPVA por idade dos ve\u00edculos<\/h2>\n\n\n\n<ul class=\"wp-block-list\">\n<li>Acre (AC) &#8211; A partir de 20 anos de fabrica\u00e7\u00e3o (at\u00e9 ~2005)<\/li>\n\n\n\n<li>Alagoas (AL) &#8211; Ve\u00edculos fabricados at\u00e9 31 de dezembro de 2002 (aproximadamente 20+ anos)<\/li>\n\n\n\n<li>Amap\u00e1 (AP) &#8211; A partir de 10 anos de fabrica\u00e7\u00e3o (at\u00e9 ~2015)<\/li>\n\n\n\n<li>Amazonas (AM) &#8211; A partir de 15 anos de fabrica\u00e7\u00e3o (at\u00e9 ~2010)<\/li>\n\n\n\n<li>Bahia (BA) &#8211; A partir de 15 anos de fabrica\u00e7\u00e3o (at\u00e9 ~2010)<\/li>\n\n\n\n<li>Cear\u00e1 (CE) &#8211; A partir de 15 anos<\/li>\n\n\n\n<li>Distrito Federal (DF) &#8211; A partir de 15 anos<\/li>\n\n\n\n<li>Esp\u00edrito Santo (ES) &#8211; A partir de 15 anos<\/li>\n\n\n\n<li>Goi\u00e1s (GO) &#8211; A partir de 15 anos de fabrica\u00e7\u00e3o<\/li>\n\n\n\n<li>Maranh\u00e3o (MA) &#8211; A partir de 15 anos<\/li>\n\n\n\n<li>Mato Grosso (MT) &#8211; A partir de 18 anos de fabrica\u00e7\u00e3o<\/li>\n\n\n\n<li>Mato Grosso do Sul (MS) &#8211; A partir de 20 anos de fabrica\u00e7\u00e3o<\/li>\n\n\n\n<li>Minas Gerais (MG) &#8211; sen\u00e7\u00e3o apenas para ve\u00edculos com placa preta ou valor hist\u00f3rico (sem isen\u00e7\u00e3o geral por idade)<\/li>\n\n\n\n<li>Par\u00e1 (PA) &#8211; A partir de 15 anos<\/li>\n\n\n\n<li>Para\u00edba (PB) &#8211; A partir de 15 anos<\/li>\n\n\n\n<li>Paran\u00e1 (PR) &#8211; A partir de 20 anos de fabrica\u00e7\u00e3o<\/li>\n\n\n\n<li>Pernambuco (PE) &#8211; N\u00e3o tem isen\u00e7\u00e3o geral por idade \u2014 apenas redu\u00e7\u00e3o de valor para ve\u00edculos mais antigos (20+ anos)<\/li>\n\n\n\n<li>Piau\u00ed (PI) &#8211; A partir de 15 anos<\/li>\n\n\n\n<li>Rio de Janeiro (RJ) &#8211; A partir de 15 anos de fabrica\u00e7\u00e3o<\/li>\n\n\n\n<li>Rio Grande do Norte (RN) &#8211; A partir de 10 anos de fabrica\u00e7\u00e3o<\/li>\n\n\n\n<li>Rio Grande do Sul (RS) &#8211; A partir de 20 anos de fabrica\u00e7\u00e3o<\/li>\n\n\n\n<li>Rond\u00f4nia (RO) &#8211; A partir de 15 anos<\/li>\n\n\n\n<li>Roraima (RR) &#8211; A partir de 10 anos de fabrica\u00e7\u00e3o<\/li>\n\n\n\n<li>Santa Catarina (SC) &#8211; A partir de 30 anos de fabrica\u00e7\u00e3o (at\u00e9 ~1995)<\/li>\n\n\n\n<li>S\u00e3o Paulo (SP) &#8211; A partir de 20 anos de fabrica\u00e7\u00e3o<\/li>\n\n\n\n<li>Sergipe (SE) &#8211; A partir de 15 anos<\/li>\n\n\n\n<li>Tocantins (TO) &#8211; Sem isen\u00e7\u00e3o por idade de fabrica\u00e7\u00e3o.<\/li>\n<\/ul>\n","protected":false},"excerpt":{"rendered":"<p>Milhares de motoristas em todo o Brasil podem ter direito \u00e0 isen\u00e7\u00e3o total do IPVA, gra\u00e7as a uma lei que estabelece regras espec\u00edficas de acordo com a idade dos ve\u00edculos. Em diversos estados, autom\u00f3veis mais antigos passam a ser isentos automaticamente do imposto, o que representa um grande al\u00edvio no bolso dos propriet\u00e1rios. As regras [&hellip;]<\/p>\n","protected":false},"author":4,"featured_media":1602,"comment_status":"open","ping_status":"open","sticky":false,"template":"","format":"standard","meta":{"jnews-multi-image_gallery":[],"jnews_single_post":{"format":"standard"},"jnews_primary_category":[],"jnews_social_meta":[],"jnews_post_split":[],"footnotes":""},"categories":[1],"tags":[],"class_list":["post-7226","post","type-post","status-publish","format-standard","has-post-thumbnail","hentry","category-uncategorized"],"_links":{"self":[{"href":"https:\/\/diariodepernambuco.audiencelabs.com.br\/wp-json\/wp\/v2\/posts\/7226","targetHints":{"allow":["GET"]}}],"collection":[{"href":"https:\/\/diariodepernambuco.audiencelabs.com.br\/wp-json\/wp\/v2\/posts"}],"about":[{"href":"https:\/\/diariodepernambuco.audiencelabs.com.br\/wp-json\/wp\/v2\/types\/post"}],"author":[{"embeddable":true,"href":"https:\/\/diariodepernambuco.audiencelabs.com.br\/wp-json\/wp\/v2\/users\/4"}],"replies":[{"embeddable":true,"href":"https:\/\/diariodepernambuco.audiencelabs.com.br\/wp-json\/wp\/v2\/comments?post=7226"}],"version-history":[{"count":1,"href":"https:\/\/diariodepernambuco.audiencelabs.com.br\/wp-json\/wp\/v2\/posts\/7226\/revisions"}],"predecessor-version":[{"id":7227,"href":"https:\/\/diariodepernambuco.audiencelabs.com.br\/wp-json\/wp\/v2\/posts\/7226\/revisions\/7227"}],"wp:featuredmedia":[{"embeddable":true,"href":"https:\/\/diariodepernambuco.audiencelabs.com.br\/wp-json\/wp\/v2\/media\/1602"}],"wp:attachment":[{"href":"https:\/\/diariodepernambuco.audiencelabs.com.br\/wp-json\/wp\/v2\/media?parent=7226"}],"wp:term":[{"taxonomy":"category","embeddable":true,"href":"https:\/\/diariodepernambuco.audiencelabs.com.br\/wp-json\/wp\/v2\/categories?post=7226"},{"taxonomy":"post_tag","embeddable":true,"href":"https:\/\/diariodepernambuco.audiencelabs.com.br\/wp-json\/wp\/v2\/tags?post=7226"}],"curies":[{"name":"wp","href":"https:\/\/api.w.org\/{rel}","templated":true}]}}