{"id":7242,"date":"2025-10-27T12:54:22","date_gmt":"2025-10-27T15:54:22","guid":{"rendered":"https:\/\/diariodepernambuco.audiencelabs.com.br\/?p=7242"},"modified":"2025-10-28T09:19:40","modified_gmt":"2025-10-28T12:19:40","slug":"bilionario-gremista-dono-de-farmacia-fecha-o-estadio-beira-rio-e-comemora","status":"publish","type":"post","link":"https:\/\/diariodepernambuco.audiencelabs.com.br\/bilionario-gremista-dono-de-farmacia-fecha-o-estadio-beira-rio-e-comemora\/","title":{"rendered":"Bilion\u00e1rio gremista dono de farm\u00e1cia fecha o est\u00e1dio Beira-Rio e comemora"},"content":{"rendered":"\n<p>O empres\u00e1rio Pedro Brair, presidente da rede Farm\u00e1cias S\u00e3o Jo\u00e3o e um dos nomes mais influentes do varejo farmac\u00eautico no Brasil, realizou na manh\u00e3 desta segunda-feira (27) uma grande conven\u00e7\u00e3o de vendas no est\u00e1dio Beira-Rio, em Porto Alegre. O evento corporativo reuniu milhares de funcion\u00e1rios de diversas regi\u00f5es do pa\u00eds e ter\u00e1 encerramento com show de Alexandre Pires \u00e0 tarde.<\/p>\n\n\n\n<p>A comemora\u00e7\u00e3o chamou aten\u00e7\u00e3o nas redes sociais por um detalhe curioso: Brair \u00e9 gremista declarado e chegou a ser cogitado para investir no futebol do Gr\u00eamio, sendo apontado como poss\u00edvel apoiador de uma das chapas na elei\u00e7\u00e3o presidencial do clube, marcada para novembro de 2025. A realiza\u00e7\u00e3o da festa no est\u00e1dio do Internacional, rival hist\u00f3rico do Tricolor, gerou repercuss\u00e3o entre torcedores, que ironizaram o fato de o bilion\u00e1rio \u201cfechar o Beira-Rio\u201d em plena segunda-feira.<\/p>\n\n\n\n<p>A conven\u00e7\u00e3o da S\u00e3o Jo\u00e3o mobilizou uma grande estrutura de transporte e log\u00edstica. Diversos \u00f4nibus vindos de v\u00e1rias cidades do Sul chegaram ao est\u00e1dio desde as primeiras horas da manh\u00e3, levando colaboradores para participar da celebra\u00e7\u00e3o. O evento faz parte do calend\u00e1rio anual da rede, que costuma promover encontros grandiosos para premiar equipes e apresentar metas de crescimento.<\/p>\n\n\n\n<h2 class=\"wp-block-heading\">Pedro Bair \u201cfechou\u201d o est\u00e1dio Beira-Rio para evento<\/h2>\n\n\n\n<p>Internamente, o Internacional justificou que a realiza\u00e7\u00e3o da festa se deu por meio da Brio, empresa respons\u00e1vel pela administra\u00e7\u00e3o e loca\u00e7\u00e3o do Beira-Rio para eventos corporativos. O clube destacou que n\u00e3o teve envolvimento direto na negocia\u00e7\u00e3o, buscando afastar qualquer associa\u00e7\u00e3o entre a festa e o contexto da rivalidade com o Gr\u00eamio.<\/p>\n\n\n<style>@media (min-width: 992px) {\n    .recomendadorV2Area1 {\n        width: 280px;\n    }\n    .recomendadorV2Area2 {\n        padding: 0px 20px;\n        width: calc(100% - 280px);\n    }\n}\n\n@media (max-width: 992px) {\n    .recomendadorV2Button {\n        margin: 0 auto;\n    }\n    .recomendadorV2Area {\n        flex-direction: column;\n        text-align: center;\n    }\n    .recomendadorV2Area2 {\n        padding: 0px 20px;\n    }\n}\n\n.recomendadorV2Area {\n    background: #eeeeee3d;\n    border-radius: 10px;\n    padding: 15px;\n    display: flex;\n    margin: 15px auto;\n    border: 1px solid #00000014;\n    max-width: 800px;\n}\n\n.recomendadorV2Area1 img {\n    width: 280px;\n    height: auto;\n    border-radius: 8px;\n}\n\n.linkrecomendadorv2 {\n    text-decoration: none !important;\n}\n\n.recomendadorV2Area2 .recomendadorV2Type {\n    text-transform: uppercase;\n    font-weight: 500;\n    font-size: 11px;\n    letter-spacing: 2px;\n    color: #666;\n    margin: 12px 0;\n    display: block;\n}\n\n.recomendadorV2Title h2 {\n    padding-top: 0px !important;\n    margin: 0px !important;\n    border-left: none !important;\n    padding-left: 0px !important;\n    line-height: 1.3;\n    color: #000 !important;\n    font-size: 24px;\n    margin-bottom: 12px !important;\n}\n\n.recomendadorV2Desc {\n    color: #333;\n    margin: 12px 0px !important;\n    font-size: 15px;\n    line-height: 1.5;\n}\n\n.recomendadorV2Button {\n    width: auto;\n    max-width: 200px;\n    margin: 0;\n    display: inline-flex;\n    align-items: center;\n    background: #1D3557;\n    border-radius: 8px;\n    color: #fff;\n    height: 36px;\n    justify-content: center;\n    text-align: center;\n    font-size: 14px;\n    padding: 0 20px;\n    transition: background-color 0.2s ease;\n}\n\n.recomendadorV2Button:hover {\n    background: #2a4d7a;\n}\n\n.recomendadorV2Button:after {\n    margin-top: -2px;\n    content: \"\u2192\";\n    padding: 0px 0px 0px 8px;\n}\n\n.recomendadorV2Alert {\n    text-align: left;\n    font-size: 11px;\n    margin-top: 8px;\n    color: #666;\n}\n\n.recomendadorFixedArea {\n    width: 100%;\n    display: flex;\n    justify-content: center;\n    align-items: center;\n}\n\n@media (min-width: 992px) {\n    #recomendadorFixed {\n        width: 32% !important;\n        left: 5%;\n    }\n    .recomendadorCloseFixed{\n        right: inherit !important;\n        left: 378px !important;\n    }\n}\n\n#recomendadorFixed {\n    width: 90%;\n    box-shadow: 0 10px 20px 0px #00000057;\n    display: none;\n    height: 90px;\n    background: #F6F6F6;\n    position: fixed;\n    flex-direction: row;\n    bottom: 10px;\n    z-index: 9999;\n    border-radius: 16px;\n    padding: 7px 10px;\n}\n\n.recomendadorLeftArea {\n    width: 160px;\n}\n\n.recomendadorRightArea h2 {\n    padding-top: 0px;\n    margin: 2px 0px 4px 0px !important;\n    font-weight: 400;\n    text-align: center;\n    padding-left: 0px !important;\n    color: #000 !important;\n    border-left: none !important;\n    line-height: 20px;\n    font-size: 12px !important;\n}\n\n.recomendadorImgFixed {\n    overflow: hidden;\n    padding: 8px 6px;\n    height: 100%;\n}\n\n.recomendadorImgFixed img {\n    height: 100% !important;\n    border-radius: 16px;\n}\n\n.recomendadorRightArea {\n    padding-top: 6px;\n    display: flex;\n    width: calc(100% - 130px);\n    justify-content: space-between;\n    align-items: center;\n    flex-direction: column;\n}\n\n.recomendadorButtonFixed {\n    margin: 0 auto;\n    background: #1D3557;\n    width: 80%;\n    text-align: center;\n    font-size: 10px;\n    color: #FFF;\n    padding: 2px 10px;\n    border-radius: 3px;\n}\n\n.recomendadorButtonFixed:after {\n    margin-top: -3px;\n    content: \"\u2192\";\n    padding: 0px 0px 0px 10px;\n}\n\n.recomendadorAlertFixed {\n    font-weight: 400;\n    text-align: center;\n    color: #484848;\n    font-size: 8px;\n}\n\n.recomendadorCloseFixed {\n    z-index: 99999;\n    display: none;\n    right: 0px;\n    left: inherit;\n    bottom: 99px;\n    position: fixed;\n    justify-content: center;\n    background: #F6F6F6;\n    width: 25px;\n    align-items: center;\n    height: 25px;\n    font-weight: 800;\n    border-radius: 50%;\n    border: 1px solid #EBEBEB;\n}\n\n.recomendadorV2Desc{\n    color: #000000;\n    margin: 20px 0px;\n}\n\n@media (max-width: 576px) {\n    .recomendadorV2Area {\n      padding: 10px;\n      max-width: 100%;\n    }\n  \n    .recomendadorV2Area1 img {\n      width: 100%;\n      border-radius: 6px;\n    }\n  \n    .recomendadorV2Area2 .recomendadorV2Type {\n      font-size: 9px;\n      letter-spacing: 1px;\n      margin: 8px 0;\n    }\n  \n    .recomendadorV2Title h2 {\n      font-size: 18px !important;\n      margin-bottom: 8px !important;\n      line-height: 1.2;\n    }\n  \n    .recomendadorV2Desc {\n      font-size: 14px;\n      margin: 8px 0 !important;\n      line-height: 1.4;\n    }\n  \n    .recomendadorV2Button {\n      font-size: 12px;\n      height: 30px;\n      padding: 0 12px;\n      max-width: 160px;\n    }\n  \n    .recomendadorV2Button:after {\n      padding-left: 6px;\n    }\n  }\n  <\/style>\n        <div class=\"lazyblock-recomendador-v2-2jDGz wp-block-lazyblock-recomendador-v2\">\n        <a class=\"linkrecomendadorv2\" href=\"https:\/\/diariodepernambuco.com.br\/dpmais\/enquanto-virginia-colocou-mansao-a-venda-casa-de-vini-jr-pegou-fogo-em-madrid\/?utm_source=lazy\" target=\"_blank\" rel=\"noopener\">\n            <div class=\"recomendadorV2Area\">\n            <div class=\"recomendadorV2Area1\">\n                <div class=\"recomendadorV2Img\">\n                <img class=\"lazyloaded\" decoding=\"async\" src=\"https:\/\/diariodepernambuco.audiencelabs.com.br\/wp-content\/uploads\/2025\/09\/virginia.jpg\" data-src=\"https:\/\/diariodepernambuco.audiencelabs.com.br\/wp-content\/uploads\/2025\/09\/virginia.jpg\" alt=\"\">\n                <\/div>\n            <\/div>\n            <div class=\"recomendadorV2Area2\">\n                <div class=\"recomendadorV2Type\">\n                    <span>Famosos em foco<\/span>\n                <\/div>\n                <div class=\"recomendadorV2Title\">\n                <h2><span>Casa de Vini Jr pega fogo em Madrid\ud83d\udd25<\/span><\/h2>\n                <\/div>\n                <div class=\"recomendadorV2Desc\">\n                <span>Veja o que aconteceu enquanto Virg\u00ednia vende mans\u00e3o<\/span>\n                <\/div>\n                <div class=\"recomendadorV2Button\">Confira agora<\/div>\n                <div class=\"recomendadorV2Alert\"><\/div>\n            <\/div>\n            <\/div>\n        <\/a>\n        <div>\n            <div style=\"z-index:99999;\" id=\"buttonClose\" onclick=\"closeRecomendadorFixed()\">\n            <div class=\"recomendadorCloseFixed\">X<\/div>\n            <\/div>\n            <a href=\"https:\/\/diariodepernambuco.com.br\/dpmais\/enquanto-virginia-colocou-mansao-a-venda-casa-de-vini-jr-pegou-fogo-em-madrid\/?utm_source=lazy\" target=\"_blank\" rel=\"noopener\">\n            <div class=\"recomendadorFixedArea\">\n                <div id=\"recomendadorFixed\">\n                <div class=\"recomendadorLeftArea\">\n                    <div class=\"recomendadorImgFixed\">\n                    <img class=\"lazyload\" decoding=\"async\" src=\"https:\/\/diariodepernambuco.audiencelabs.com.br\/wp-content\/uploads\/2025\/09\/virginia.jpg\" alt=\"\">\n                    <\/div>\n                <\/div>\n                <div class=\"recomendadorRightArea\">\n                    <div class=\"recomendadorTitleFixed\">\n                    <h2><span>Casa de Vini Jr pega fogo em Madrid\ud83d\udd25<\/span><\/h2>\n                    <\/div>\n                    <div class=\"recomendadorButtonFixed\">Confira agora<\/div>\n                    <div class=\"recomendadorAlertFixed\"><\/div>\n                <\/div>\n                <\/div>\n            <\/div>\n            <\/a>\n        <\/div>\n        <\/div>\n\n\n\n<p>Pedro Brair, natural de Santo Augusto (RS), construiu um imp\u00e9rio empresarial a partir de origens humildes. Come\u00e7ou a trabalhar aos nove anos e iniciou sua trajet\u00f3ria como atendente de farm\u00e1cia no interior ga\u00facho. Hoje, lidera um grupo com mais de 1.100 lojas, 20 mil funcion\u00e1rios e faturamento estimado em R$ 8 bilh\u00f5es para 2024, consolidando a S\u00e3o Jo\u00e3o como uma das maiores redes de farm\u00e1cias da Am\u00e9rica Latina.<\/p>\n\n\n\n<p>Al\u00e9m do setor farmac\u00eautico, Brair tamb\u00e9m \u00e9 s\u00f3cio do Hospital de Olhos do Rio Grande do Sul, em Passo Fundo, e \u00e9 considerado um dos principais nomes do empreendedorismo ga\u00facho. Mesmo sem envolvimento oficial com o Gr\u00eamio, seu nome continua citado nos bastidores do clube como poss\u00edvel investidor em futuras gest\u00f5es.<\/p>\n","protected":false},"excerpt":{"rendered":"<p>O empres\u00e1rio Pedro Brair, presidente da rede Farm\u00e1cias S\u00e3o Jo\u00e3o e um dos nomes mais influentes do varejo farmac\u00eautico no Brasil, realizou na manh\u00e3 desta segunda-feira (27) uma grande conven\u00e7\u00e3o de vendas no est\u00e1dio Beira-Rio, em Porto Alegre. O evento corporativo reuniu milhares de funcion\u00e1rios de diversas regi\u00f5es do pa\u00eds e ter\u00e1 encerramento com show [&hellip;]<\/p>\n","protected":false},"author":1,"featured_media":7243,"comment_status":"open","ping_status":"open","sticky":false,"template":"","format":"standard","meta":{"jnews-multi-image_gallery":[],"jnews_single_post":{"format":"standard"},"jnews_primary_category":[],"jnews_social_meta":[],"jnews_post_split":[],"footnotes":""},"categories":[1],"tags":[],"class_list":["post-7242","post","type-post","status-publish","format-standard","has-post-thumbnail","hentry","category-uncategorized"],"_links":{"self":[{"href":"https:\/\/diariodepernambuco.audiencelabs.com.br\/wp-json\/wp\/v2\/posts\/7242","targetHints":{"allow":["GET"]}}],"collection":[{"href":"https:\/\/diariodepernambuco.audiencelabs.com.br\/wp-json\/wp\/v2\/posts"}],"about":[{"href":"https:\/\/diariodepernambuco.audiencelabs.com.br\/wp-json\/wp\/v2\/types\/post"}],"author":[{"embeddable":true,"href":"https:\/\/diariodepernambuco.audiencelabs.com.br\/wp-json\/wp\/v2\/users\/1"}],"replies":[{"embeddable":true,"href":"https:\/\/diariodepernambuco.audiencelabs.com.br\/wp-json\/wp\/v2\/comments?post=7242"}],"version-history":[{"count":2,"href":"https:\/\/diariodepernambuco.audiencelabs.com.br\/wp-json\/wp\/v2\/posts\/7242\/revisions"}],"predecessor-version":[{"id":7326,"href":"https:\/\/diariodepernambuco.audiencelabs.com.br\/wp-json\/wp\/v2\/posts\/7242\/revisions\/7326"}],"wp:featuredmedia":[{"embeddable":true,"href":"https:\/\/diariodepernambuco.audiencelabs.com.br\/wp-json\/wp\/v2\/media\/7243"}],"wp:attachment":[{"href":"https:\/\/diariodepernambuco.audiencelabs.com.br\/wp-json\/wp\/v2\/media?parent=7242"}],"wp:term":[{"taxonomy":"category","embeddable":true,"href":"https:\/\/diariodepernambuco.audiencelabs.com.br\/wp-json\/wp\/v2\/categories?post=7242"},{"taxonomy":"post_tag","embeddable":true,"href":"https:\/\/diariodepernambuco.audiencelabs.com.br\/wp-json\/wp\/v2\/tags?post=7242"}],"curies":[{"name":"wp","href":"https:\/\/api.w.org\/{rel}","templated":true}]}}