{"id":7257,"date":"2025-10-27T20:00:00","date_gmt":"2025-10-27T23:00:00","guid":{"rendered":"https:\/\/diariodepernambuco.audiencelabs.com.br\/?p=7257"},"modified":"2025-10-27T14:09:14","modified_gmt":"2025-10-27T17:09:14","slug":"5-melhores-empresas-para-trabalhar-no-planeta-terra","status":"publish","type":"post","link":"https:\/\/diariodepernambuco.audiencelabs.com.br\/5-melhores-empresas-para-trabalhar-no-planeta-terra\/","title":{"rendered":"5 melhores empresas para trabalhar no Planeta Terra"},"content":{"rendered":"\n<p>Em um mercado cada vez mais competitivo, encontrar empresas que valorizam verdadeiramente seus colaboradores se tornou um grande diferencial. Todos os anos, rankings internacionais destacam organiza\u00e7\u00f5es que se destacam n\u00e3o apenas pelos resultados financeiros, mas tamb\u00e9m pela cultura corporativa, bem-estar dos funcion\u00e1rios e oportunidades de crescimento.<\/p>\n\n\n\n<p>Entre as companhias mais admiradas do mundo para se trabalhar, a Microsoft ocupa posi\u00e7\u00e3o de destaque. A gigante da tecnologia \u00e9 reconhecida por promover um ambiente colaborativo, pol\u00edticas inclusivas e oportunidades constantes de desenvolvimento profissional. Al\u00e9m disso, seus funcion\u00e1rios destacam o equil\u00edbrio entre vida pessoal e trabalho como um dos grandes atrativos da empresa.<\/p>\n\n\n\n<p>Outra presen\u00e7a marcante \u00e9 a Delta Air Lines, que combina excel\u00eancia operacional com uma forte cultura de valoriza\u00e7\u00e3o das pessoas. A companhia a\u00e9rea norte-americana se destaca por investir em capacita\u00e7\u00e3o, oferecer benef\u00edcios competitivos e manter uma comunica\u00e7\u00e3o transparente com seus colaboradores \u2014 fatores que contribuem para altos \u00edndices de satisfa\u00e7\u00e3o interna.<\/p>\n\n\n\n<p>A Alphabet, controladora do Google, tamb\u00e9m figura entre as melhores do mundo. Conhecida por seus escrit\u00f3rios inovadores e pol\u00edticas voltadas \u00e0 criatividade e bem-estar, a empresa estimula o pensamento livre e o desenvolvimento de solu\u00e7\u00f5es que impactam milh\u00f5es de pessoas globalmente.<\/p>\n\n\n\n<p>J\u00e1 a Adobe \u00e9 refer\u00eancia quando o assunto \u00e9 equil\u00edbrio e inclus\u00e3o. Com foco em diversidade e programas de incentivo \u00e0 inova\u00e7\u00e3o, a companhia \u00e9 frequentemente elogiada por sua cultura positiva e pela valoriza\u00e7\u00e3o das ideias de cada colaborador.<\/p>\n\n\n\n<p>Fechando a lista, o Grupo BMW mostra que excel\u00eancia n\u00e3o se limita \u00e0 produ\u00e7\u00e3o de autom\u00f3veis de luxo. A empresa alem\u00e3 \u00e9 reconhecida por seu compromisso com a sustentabilidade, inova\u00e7\u00e3o tecnol\u00f3gica e um ambiente de trabalho que estimula o crescimento pessoal e profissional de seus funcion\u00e1rios.<\/p>\n\n\n\n<p><\/p>\n","protected":false},"excerpt":{"rendered":"<p>Em um mercado cada vez mais competitivo, encontrar empresas que valorizam verdadeiramente seus colaboradores se tornou um grande diferencial. Todos os anos, rankings internacionais destacam organiza\u00e7\u00f5es que se destacam n\u00e3o apenas pelos resultados financeiros, mas tamb\u00e9m pela cultura corporativa, bem-estar dos funcion\u00e1rios e oportunidades de crescimento. Entre as companhias mais admiradas do mundo para se [&hellip;]<\/p>\n","protected":false},"author":4,"featured_media":1262,"comment_status":"open","ping_status":"open","sticky":false,"template":"","format":"standard","meta":{"jnews-multi-image_gallery":[],"jnews_single_post":{"format":"standard"},"jnews_primary_category":[],"jnews_social_meta":[],"jnews_post_split":[],"footnotes":""},"categories":[1],"tags":[],"class_list":["post-7257","post","type-post","status-publish","format-standard","has-post-thumbnail","hentry","category-uncategorized"],"_links":{"self":[{"href":"https:\/\/diariodepernambuco.audiencelabs.com.br\/wp-json\/wp\/v2\/posts\/7257","targetHints":{"allow":["GET"]}}],"collection":[{"href":"https:\/\/diariodepernambuco.audiencelabs.com.br\/wp-json\/wp\/v2\/posts"}],"about":[{"href":"https:\/\/diariodepernambuco.audiencelabs.com.br\/wp-json\/wp\/v2\/types\/post"}],"author":[{"embeddable":true,"href":"https:\/\/diariodepernambuco.audiencelabs.com.br\/wp-json\/wp\/v2\/users\/4"}],"replies":[{"embeddable":true,"href":"https:\/\/diariodepernambuco.audiencelabs.com.br\/wp-json\/wp\/v2\/comments?post=7257"}],"version-history":[{"count":2,"href":"https:\/\/diariodepernambuco.audiencelabs.com.br\/wp-json\/wp\/v2\/posts\/7257\/revisions"}],"predecessor-version":[{"id":7259,"href":"https:\/\/diariodepernambuco.audiencelabs.com.br\/wp-json\/wp\/v2\/posts\/7257\/revisions\/7259"}],"wp:featuredmedia":[{"embeddable":true,"href":"https:\/\/diariodepernambuco.audiencelabs.com.br\/wp-json\/wp\/v2\/media\/1262"}],"wp:attachment":[{"href":"https:\/\/diariodepernambuco.audiencelabs.com.br\/wp-json\/wp\/v2\/media?parent=7257"}],"wp:term":[{"taxonomy":"category","embeddable":true,"href":"https:\/\/diariodepernambuco.audiencelabs.com.br\/wp-json\/wp\/v2\/categories?post=7257"},{"taxonomy":"post_tag","embeddable":true,"href":"https:\/\/diariodepernambuco.audiencelabs.com.br\/wp-json\/wp\/v2\/tags?post=7257"}],"curies":[{"name":"wp","href":"https:\/\/api.w.org\/{rel}","templated":true}]}}