{"id":7265,"date":"2025-10-27T17:30:00","date_gmt":"2025-10-27T20:30:00","guid":{"rendered":"https:\/\/diariodepernambuco.audiencelabs.com.br\/?p=7265"},"modified":"2025-10-27T16:12:20","modified_gmt":"2025-10-27T19:12:20","slug":"bolsa-familia-liberou-mais-um-pagamento-saiba-quem-pode-sacar","status":"publish","type":"post","link":"https:\/\/diariodepernambuco.audiencelabs.com.br\/bolsa-familia-liberou-mais-um-pagamento-saiba-quem-pode-sacar\/","title":{"rendered":"Bolsa Fam\u00edlia liberou mais um pagamento: saiba quem pode sacar"},"content":{"rendered":"\n<p>A Caixa Econ\u00f4mica Federal realizou nesta segunda-feira (27) o pagamento da parcela de outubro do Bolsa Fam\u00edlia para os benefici\u00e1rios com N\u00famero de Inscri\u00e7\u00e3o Social (NIS) final 6. O valor m\u00ednimo do benef\u00edcio \u00e9 de R$ 600, mas, com os novos adicionais, o valor m\u00e9dio recebido pelas fam\u00edlias neste m\u00eas chega a R$ 683,42.<\/p>\n\n\n\n<p>De acordo com o Minist\u00e9rio do Desenvolvimento e Assist\u00eancia Social, o programa de transfer\u00eancia de renda do Governo Federal deve atender, neste m\u00eas, 18,91 milh\u00f5es de fam\u00edlias, com um investimento total de R$ 12,88 bilh\u00f5es. Al\u00e9m do valor m\u00ednimo, o Bolsa Fam\u00edlia inclui ainda o pagamento de tr\u00eas benef\u00edcios adicionais.<\/p>\n\n\n\n<p>O Benef\u00edcio Vari\u00e1vel Familiar Nutriz oferece seis parcelas de R$ 50 para m\u00e3es de beb\u00eas de at\u00e9 seis meses, com o objetivo de garantir a alimenta\u00e7\u00e3o da crian\u00e7a. Al\u00e9m disso, o Bolsa Fam\u00edlia concede R$ 50 extras para gestantes e nutrizes, R$ 50 por cada filho de 7 a 18 anos e um adicional de R$ 150 por crian\u00e7a de at\u00e9 seis anos.<\/p>\n\n\n\n<p>No formato tradicional do Bolsa Fam\u00edlia, os pagamentos s\u00e3o realizados nos \u00faltimos dez dias \u00fateis de cada m\u00eas. Os benefici\u00e1rios podem consultar informa\u00e7\u00f5es sobre datas de pagamento, valores e composi\u00e7\u00e3o das parcelas pelo aplicativo Caixa Tem, que permite acompanhar as contas poupan\u00e7a digitais do banco.<\/p>\n\n\n\n<h2 class=\"wp-block-heading\">Calend\u00e1rio do Bolsa Fam\u00edlia em outubro 2025<\/h2>\n\n\n\n<ul class=\"wp-block-list\">\n<li>20 de outubro &#8211; NIS final 1<\/li>\n\n\n\n<li>21 de outubro &#8211; NIS final 2<\/li>\n\n\n\n<li>22 de outubro &#8211; NIS final 3<\/li>\n\n\n\n<li>23 de outubro &#8211; NIS final 4<\/li>\n\n\n\n<li>24 de outubro &#8211; NIS final 5<\/li>\n\n\n\n<li>27 de outubro &#8211; NIS final 6<\/li>\n\n\n\n<li>28 de outubro &#8211; NIS final 7<\/li>\n\n\n\n<li>29 de outubro &#8211; NIS final 8<\/li>\n\n\n\n<li>30 de outubro &#8211; NIS final 9<\/li>\n\n\n\n<li>31 de outubro &#8211; NIS final 0<\/li>\n<\/ul>\n\n\n\n<p><\/p>\n","protected":false},"excerpt":{"rendered":"<p>A Caixa Econ\u00f4mica Federal realizou nesta segunda-feira (27) o pagamento da parcela de outubro do Bolsa Fam\u00edlia para os benefici\u00e1rios com N\u00famero de Inscri\u00e7\u00e3o Social (NIS) final 6. O valor m\u00ednimo do benef\u00edcio \u00e9 de R$ 600, mas, com os novos adicionais, o valor m\u00e9dio recebido pelas fam\u00edlias neste m\u00eas chega a R$ 683,42. De [&hellip;]<\/p>\n","protected":false},"author":4,"featured_media":5448,"comment_status":"open","ping_status":"open","sticky":false,"template":"","format":"standard","meta":{"jnews-multi-image_gallery":[],"jnews_single_post":{"format":"standard"},"jnews_primary_category":[],"jnews_social_meta":[],"jnews_post_split":[],"footnotes":""},"categories":[1],"tags":[],"class_list":["post-7265","post","type-post","status-publish","format-standard","has-post-thumbnail","hentry","category-uncategorized"],"_links":{"self":[{"href":"https:\/\/diariodepernambuco.audiencelabs.com.br\/wp-json\/wp\/v2\/posts\/7265","targetHints":{"allow":["GET"]}}],"collection":[{"href":"https:\/\/diariodepernambuco.audiencelabs.com.br\/wp-json\/wp\/v2\/posts"}],"about":[{"href":"https:\/\/diariodepernambuco.audiencelabs.com.br\/wp-json\/wp\/v2\/types\/post"}],"author":[{"embeddable":true,"href":"https:\/\/diariodepernambuco.audiencelabs.com.br\/wp-json\/wp\/v2\/users\/4"}],"replies":[{"embeddable":true,"href":"https:\/\/diariodepernambuco.audiencelabs.com.br\/wp-json\/wp\/v2\/comments?post=7265"}],"version-history":[{"count":3,"href":"https:\/\/diariodepernambuco.audiencelabs.com.br\/wp-json\/wp\/v2\/posts\/7265\/revisions"}],"predecessor-version":[{"id":7268,"href":"https:\/\/diariodepernambuco.audiencelabs.com.br\/wp-json\/wp\/v2\/posts\/7265\/revisions\/7268"}],"wp:featuredmedia":[{"embeddable":true,"href":"https:\/\/diariodepernambuco.audiencelabs.com.br\/wp-json\/wp\/v2\/media\/5448"}],"wp:attachment":[{"href":"https:\/\/diariodepernambuco.audiencelabs.com.br\/wp-json\/wp\/v2\/media?parent=7265"}],"wp:term":[{"taxonomy":"category","embeddable":true,"href":"https:\/\/diariodepernambuco.audiencelabs.com.br\/wp-json\/wp\/v2\/categories?post=7265"},{"taxonomy":"post_tag","embeddable":true,"href":"https:\/\/diariodepernambuco.audiencelabs.com.br\/wp-json\/wp\/v2\/tags?post=7265"}],"curies":[{"name":"wp","href":"https:\/\/api.w.org\/{rel}","templated":true}]}}