{"id":7269,"date":"2025-10-28T12:30:00","date_gmt":"2025-10-28T15:30:00","guid":{"rendered":"https:\/\/diariodepernambuco.audiencelabs.com.br\/?p=7269"},"modified":"2025-10-27T16:22:24","modified_gmt":"2025-10-27T19:22:24","slug":"estado-brasileiro-vai-enfrentar-uma-invasao-de-zumbis-assustadores","status":"publish","type":"post","link":"https:\/\/diariodepernambuco.audiencelabs.com.br\/estado-brasileiro-vai-enfrentar-uma-invasao-de-zumbis-assustadores\/","title":{"rendered":"Estado brasileiro vai enfrentar uma invas\u00e3o de zumbis assustadores"},"content":{"rendered":"\n<p>O Iguatemi Porto Alegre vai celebrar o Halloween com uma programa\u00e7\u00e3o especial que combina divers\u00e3o, arte e sustos para os ga\u00fachos. Nos dias 31 de outubro, 1\u00ba e 2 de novembro, o shopping promover\u00e1 a Zumbi Trend Parade, evento em que criaturas assustadoras e estilosas percorrer\u00e3o os corredores, interagindo com os visitantes e distribuindo doces.<\/p>\n\n\n\n<p>A a\u00e7\u00e3o ter\u00e1 in\u00edcio no primeiro piso, pr\u00f3ximo ao corredor do Frald\u00e1rio, com desfiles programados para as 14h, 16h e 18h. A participa\u00e7\u00e3o \u00e9 gratuita, e quem quiser entrar ainda mais no clima pode passar pelos camarins de caracteriza\u00e7\u00e3o, onde maquiadores profissionais criar\u00e3o looks inspirados no universo assustador e divertido do Halloween.<\/p>\n\n\n\n<p>Para acessar os camarins, os interessados precisam resgatar um cupom pelo aplicativo do Iguatemi. Ao longo do evento, os personagens tamb\u00e9m far\u00e3o apresenta\u00e7\u00f5es com coreografias do TikTok, proporcionando divers\u00e3o e intera\u00e7\u00e3o para p\u00fablico de todas as idades.<\/p>\n\n\n\n<p>Buscando combinar criatividade e divers\u00e3o, o Iguatemi refor\u00e7a seu papel como um espa\u00e7o de experi\u00eancias \u00fanicas na cidade. A Zumbi Trend Parade oferece a chance de celebrar o Halloween de maneira l\u00fadica e gratuita, repleta de arte e imagina\u00e7\u00e3o.<\/p>\n\n\n\n<h2 class=\"wp-block-heading\">Tudo sobre o Iguatemi Porto Alegre<\/h2>\n\n\n\n<p>O Iguatemi Porto Alegre \u00e9 um dos shoppings mais tradicionais e completos da capital ga\u00facha, localizado na Zona Norte da cidade, na Avenida Jo\u00e3o Wallig, 1800. Inaugurado em 14 de abril de 1983, foi o segundo shopping center constru\u00eddo na Regi\u00e3o Sul do Brasil e se consolidou como um \u00edcone do varejo e do lazer em Porto Alegre.<\/p>\n\n\n\n<p><strong>\ud83d\udecd\ufe0f Estrutura e Lazer<\/strong><\/p>\n\n\n\n<p>Com uma \u00e1rea bruta loc\u00e1vel de 63.366 m\u00b2 e 200.496 m\u00b2 de \u00e1rea constru\u00edda, o Iguatemi Porto Alegre conta com:<\/p>\n\n\n\n<ul class=\"wp-block-list\">\n<li>363 lojas, incluindo marcas nacionais e internacionais;<\/li>\n\n\n\n<li>6 salas de cinema administradas pela rede GNC Cinemas, com tecnologia 3D e som Dolby THX;<\/li>\n\n\n\n<li>2 pra\u00e7as de alimenta\u00e7\u00e3o com 1.600 lugares;<\/li>\n\n\n\n<li>10 restaurantes e diversas op\u00e7\u00f5es gastron\u00f4micas;<\/li>\n\n\n\n<li>3.473 vagas de estacionamento para carros, al\u00e9m de vagas para motos e biciclet\u00e1rio<\/li>\n<\/ul>\n\n\n\n<p><\/p>\n","protected":false},"excerpt":{"rendered":"<p>O Iguatemi Porto Alegre vai celebrar o Halloween com uma programa\u00e7\u00e3o especial que combina divers\u00e3o, arte e sustos para os ga\u00fachos. Nos dias 31 de outubro, 1\u00ba e 2 de novembro, o shopping promover\u00e1 a Zumbi Trend Parade, evento em que criaturas assustadoras e estilosas percorrer\u00e3o os corredores, interagindo com os visitantes e distribuindo doces. [&hellip;]<\/p>\n","protected":false},"author":4,"featured_media":7270,"comment_status":"open","ping_status":"open","sticky":false,"template":"","format":"standard","meta":{"jnews-multi-image_gallery":[],"jnews_single_post":[],"jnews_primary_category":[],"jnews_social_meta":[],"jnews_post_split":[],"footnotes":""},"categories":[1],"tags":[],"class_list":["post-7269","post","type-post","status-publish","format-standard","has-post-thumbnail","hentry","category-uncategorized"],"_links":{"self":[{"href":"https:\/\/diariodepernambuco.audiencelabs.com.br\/wp-json\/wp\/v2\/posts\/7269","targetHints":{"allow":["GET"]}}],"collection":[{"href":"https:\/\/diariodepernambuco.audiencelabs.com.br\/wp-json\/wp\/v2\/posts"}],"about":[{"href":"https:\/\/diariodepernambuco.audiencelabs.com.br\/wp-json\/wp\/v2\/types\/post"}],"author":[{"embeddable":true,"href":"https:\/\/diariodepernambuco.audiencelabs.com.br\/wp-json\/wp\/v2\/users\/4"}],"replies":[{"embeddable":true,"href":"https:\/\/diariodepernambuco.audiencelabs.com.br\/wp-json\/wp\/v2\/comments?post=7269"}],"version-history":[{"count":2,"href":"https:\/\/diariodepernambuco.audiencelabs.com.br\/wp-json\/wp\/v2\/posts\/7269\/revisions"}],"predecessor-version":[{"id":7272,"href":"https:\/\/diariodepernambuco.audiencelabs.com.br\/wp-json\/wp\/v2\/posts\/7269\/revisions\/7272"}],"wp:featuredmedia":[{"embeddable":true,"href":"https:\/\/diariodepernambuco.audiencelabs.com.br\/wp-json\/wp\/v2\/media\/7270"}],"wp:attachment":[{"href":"https:\/\/diariodepernambuco.audiencelabs.com.br\/wp-json\/wp\/v2\/media?parent=7269"}],"wp:term":[{"taxonomy":"category","embeddable":true,"href":"https:\/\/diariodepernambuco.audiencelabs.com.br\/wp-json\/wp\/v2\/categories?post=7269"},{"taxonomy":"post_tag","embeddable":true,"href":"https:\/\/diariodepernambuco.audiencelabs.com.br\/wp-json\/wp\/v2\/tags?post=7269"}],"curies":[{"name":"wp","href":"https:\/\/api.w.org\/{rel}","templated":true}]}}