{"id":7280,"date":"2025-10-28T15:00:00","date_gmt":"2025-10-28T18:00:00","guid":{"rendered":"https:\/\/diariodepernambuco.audiencelabs.com.br\/?p=7280"},"modified":"2025-10-27T16:48:07","modified_gmt":"2025-10-27T19:48:07","slug":"doenca-misteriosa-matou-mais-de-50-pessoas-e-ainda-segue-sem-explicacoes","status":"publish","type":"post","link":"https:\/\/diariodepernambuco.audiencelabs.com.br\/doenca-misteriosa-matou-mais-de-50-pessoas-e-ainda-segue-sem-explicacoes\/","title":{"rendered":"Doen\u00e7a misteriosa matou mais de 50 pessoas e ainda segue sem explica\u00e7\u00f5es"},"content":{"rendered":"\n<p>Uma doen\u00e7a misteriosa tem causado grande preocupa\u00e7\u00e3o na Rep\u00fablica Democr\u00e1tica do Congo, na \u00c1frica Central. Desde o in\u00edcio de 2025, mais de 50 pessoas morreram em vilarejos remotos da prov\u00edncia de \u00c9quateur, com surtos registrados em locais como Boloko, Danda, Bomate, Bolomba e Basankusu.<\/p>\n\n\n\n<p>Os sintomas da doen\u00e7a incluem febre, calafrios, dores musculares, v\u00f4mito e diarreia, e a maioria dos pacientes falece em at\u00e9 48 horas ap\u00f3s o in\u00edcio dos sintomas. A Organiza\u00e7\u00e3o Mundial da Sa\u00fade (OMS) est\u00e1 investigando as poss\u00edveis causas, incluindo envenenamento qu\u00edmico ou meningite bacteriana, embora ainda n\u00e3o tenha sido identificada uma origem definitiva.<\/p>\n\n\n\n<p>A falta de infraestrutura de sa\u00fade e o dif\u00edcil acesso \u00e0s \u00e1reas afetadas complicam o controle do surto e aumentam o risco de propaga\u00e7\u00e3o. Al\u00e9m das v\u00edtimas fatais, j\u00e1 foram registrados mais de 400 casos da doen\u00e7a cuja causa permanece misteriosa.<\/p>\n\n\n\n<p>Os primeiros casos do surto surgiram no final de janeiro, na regi\u00e3o norte do pa\u00eds. Segundo as informa\u00e7\u00f5es dispon\u00edveis at\u00e9 agora, as infec\u00e7\u00f5es iniciais teriam ocorrido em crian\u00e7as que consumiram morcegos. Entretanto, novos casos continuaram a aparecer posteriormente, atingindo inclusive localidades situadas a centenas de quil\u00f4metros do foco original.<\/p>\n\n\n\n<h2 class=\"wp-block-heading\">Investiga\u00e7\u00e3o em andamento e preocupa\u00e7\u00e3o internacional<\/h2>\n\n\n\n<p>Autoridades de sa\u00fade locais, com o apoio da Organiza\u00e7\u00e3o Mundial da Sa\u00fade (OMS), seguem investigando a origem da doen\u00e7a, mas at\u00e9 o momento n\u00e3o h\u00e1 confirma\u00e7\u00e3o sobre a causa exata. Entre as hip\u00f3teses consideradas est\u00e3o envenenamento qu\u00edmico, meningite bacteriana e poss\u00edveis zoonoses, mas a confirma\u00e7\u00e3o cient\u00edfica ainda n\u00e3o foi obtida.<\/p>\n\n\n\n<p>O surto tamb\u00e9m acende um alerta internacional devido \u00e0 rapidez da propaga\u00e7\u00e3o e \u00e0 dificuldade de acesso \u00e0s regi\u00f5es afetadas. A combina\u00e7\u00e3o de infraestrutura limitada, log\u00edstica desafiadora e popula\u00e7\u00e3o vulner\u00e1vel aumenta o risco de novos casos e dificulta o controle efetivo da doen\u00e7a.<\/p>\n\n\n\n<p><\/p>\n","protected":false},"excerpt":{"rendered":"<p>Uma doen\u00e7a misteriosa tem causado grande preocupa\u00e7\u00e3o na Rep\u00fablica Democr\u00e1tica do Congo, na \u00c1frica Central. Desde o in\u00edcio de 2025, mais de 50 pessoas morreram em vilarejos remotos da prov\u00edncia de \u00c9quateur, com surtos registrados em locais como Boloko, Danda, Bomate, Bolomba e Basankusu. Os sintomas da doen\u00e7a incluem febre, calafrios, dores musculares, v\u00f4mito e [&hellip;]<\/p>\n","protected":false},"author":4,"featured_media":7283,"comment_status":"open","ping_status":"open","sticky":false,"template":"","format":"standard","meta":{"jnews-multi-image_gallery":[],"jnews_single_post":{"format":"standard"},"jnews_primary_category":[],"jnews_social_meta":[],"jnews_post_split":[],"footnotes":""},"categories":[1],"tags":[],"class_list":["post-7280","post","type-post","status-publish","format-standard","has-post-thumbnail","hentry","category-uncategorized"],"_links":{"self":[{"href":"https:\/\/diariodepernambuco.audiencelabs.com.br\/wp-json\/wp\/v2\/posts\/7280","targetHints":{"allow":["GET"]}}],"collection":[{"href":"https:\/\/diariodepernambuco.audiencelabs.com.br\/wp-json\/wp\/v2\/posts"}],"about":[{"href":"https:\/\/diariodepernambuco.audiencelabs.com.br\/wp-json\/wp\/v2\/types\/post"}],"author":[{"embeddable":true,"href":"https:\/\/diariodepernambuco.audiencelabs.com.br\/wp-json\/wp\/v2\/users\/4"}],"replies":[{"embeddable":true,"href":"https:\/\/diariodepernambuco.audiencelabs.com.br\/wp-json\/wp\/v2\/comments?post=7280"}],"version-history":[{"count":2,"href":"https:\/\/diariodepernambuco.audiencelabs.com.br\/wp-json\/wp\/v2\/posts\/7280\/revisions"}],"predecessor-version":[{"id":7282,"href":"https:\/\/diariodepernambuco.audiencelabs.com.br\/wp-json\/wp\/v2\/posts\/7280\/revisions\/7282"}],"wp:featuredmedia":[{"embeddable":true,"href":"https:\/\/diariodepernambuco.audiencelabs.com.br\/wp-json\/wp\/v2\/media\/7283"}],"wp:attachment":[{"href":"https:\/\/diariodepernambuco.audiencelabs.com.br\/wp-json\/wp\/v2\/media?parent=7280"}],"wp:term":[{"taxonomy":"category","embeddable":true,"href":"https:\/\/diariodepernambuco.audiencelabs.com.br\/wp-json\/wp\/v2\/categories?post=7280"},{"taxonomy":"post_tag","embeddable":true,"href":"https:\/\/diariodepernambuco.audiencelabs.com.br\/wp-json\/wp\/v2\/tags?post=7280"}],"curies":[{"name":"wp","href":"https:\/\/api.w.org\/{rel}","templated":true}]}}