{"id":7284,"date":"2025-10-28T15:30:00","date_gmt":"2025-10-28T18:30:00","guid":{"rendered":"https:\/\/diariodepernambuco.audiencelabs.com.br\/?p=7284"},"modified":"2025-10-29T12:12:41","modified_gmt":"2025-10-29T15:12:41","slug":"aulas-particulares-de-transito-sem-fazer-autoescola-quem-pode-aplicar","status":"publish","type":"post","link":"https:\/\/diariodepernambuco.audiencelabs.com.br\/aulas-particulares-de-transito-sem-fazer-autoescola-quem-pode-aplicar\/","title":{"rendered":"Aulas particulares de tr\u00e2nsito sem fazer autoescola: quem pode aplicar?"},"content":{"rendered":"\n<p>Uma das mudan\u00e7as sugeridas pelo Minist\u00e9rio dos Transportes para a obten\u00e7\u00e3o da Carteira Nacional de Habilita\u00e7\u00e3o (CNH) prev\u00ea que as aulas pr\u00e1ticas de dire\u00e7\u00e3o possam ser ministradas por instrutores de tr\u00e2nsito aut\u00f4nomos, sem a necessidade de v\u00ednculo direto com uma autoescola.<\/p>\n\n\n\n<p>O primeiro passo para quem gosta de dirigir e quer atuar como instrutor aut\u00f4nomo \u00e9 conferir se atende aos requisitos b\u00e1sicos antes de iniciar o curso de forma\u00e7\u00e3o espec\u00edfico. Esse curso, necess\u00e1rio para obter a Carteira de Identifica\u00e7\u00e3o Profissional de instrutor aut\u00f4nomo, ser\u00e1 disponibilizado gratuitamente no site da Secretaria Nacional de Tr\u00e2nsito (Senatran).<\/p>\n\n\n\n<p>O instrutor aut\u00f4nomo tem a responsabilidade de assegurar que o aluno siga todas as normas de tr\u00e2nsito, mantenha a seguran\u00e7a durante a condu\u00e7\u00e3o, reforce na pr\u00e1tica os conceitos aprendidos nas aulas te\u00f3ricas, acompanhe seu comportamento e ofere\u00e7a orienta\u00e7\u00f5es construtivas sobre o desempenho.<\/p>\n\n\n\n<p>Os ve\u00edculos utilizados nas aulas, sejam do aluno ou do instrutor, precisam cumprir as exig\u00eancias de seguran\u00e7a previstas pelo C\u00f3digo de Tr\u00e2nsito Brasileiro (CTB). Isso inclui respeitar o limite de anos de fabrica\u00e7\u00e3o permitido e contar com uma identifica\u00e7\u00e3o vis\u00edvel de ve\u00edculo de ensino, como um adesivo, por exemplo.<\/p>\n\n\n\n<p>A forma\u00e7\u00e3o dos novos instrutores aut\u00f4nomos deve abranger aulas voltadas ao desenvolvimento de compet\u00eancias pedag\u00f3gicas, ao dom\u00ednio das leis de tr\u00e2nsito e \u00e0 pr\u00e1tica de dire\u00e7\u00e3o segura. Ao t\u00e9rmino do curso, os participantes ser\u00e3o avaliados por meio de uma prova de aproveitamento e receber\u00e3o um certificado de conclus\u00e3o.<\/p>\n\n\n<style>@media (min-width: 992px) {\n    .recomendadorV2Area1 {\n        width: 280px;\n    }\n    .recomendadorV2Area2 {\n        padding: 0px 20px;\n        width: calc(100% - 280px);\n    }\n}\n\n@media (max-width: 992px) {\n    .recomendadorV2Button {\n        margin: 0 auto;\n    }\n    .recomendadorV2Area {\n        flex-direction: column;\n        text-align: center;\n    }\n    .recomendadorV2Area2 {\n        padding: 0px 20px;\n    }\n}\n\n.recomendadorV2Area {\n    background: #eeeeee3d;\n    border-radius: 10px;\n    padding: 15px;\n    display: flex;\n    margin: 15px auto;\n    border: 1px solid #00000014;\n    max-width: 800px;\n}\n\n.recomendadorV2Area1 img {\n    width: 280px;\n    height: auto;\n    border-radius: 8px;\n}\n\n.linkrecomendadorv2 {\n    text-decoration: none !important;\n}\n\n.recomendadorV2Area2 .recomendadorV2Type {\n    text-transform: uppercase;\n    font-weight: 500;\n    font-size: 11px;\n    letter-spacing: 2px;\n    color: #666;\n    margin: 12px 0;\n    display: block;\n}\n\n.recomendadorV2Title h2 {\n    padding-top: 0px !important;\n    margin: 0px !important;\n    border-left: none !important;\n    padding-left: 0px !important;\n    line-height: 1.3;\n    color: #000 !important;\n    font-size: 24px;\n    margin-bottom: 12px !important;\n}\n\n.recomendadorV2Desc {\n    color: #333;\n    margin: 12px 0px !important;\n    font-size: 15px;\n    line-height: 1.5;\n}\n\n.recomendadorV2Button {\n    width: auto;\n    max-width: 200px;\n    margin: 0;\n    display: inline-flex;\n    align-items: center;\n    background: #1D3557;\n    border-radius: 8px;\n    color: #fff;\n    height: 36px;\n    justify-content: center;\n    text-align: center;\n    font-size: 14px;\n    padding: 0 20px;\n    transition: background-color 0.2s ease;\n}\n\n.recomendadorV2Button:hover {\n    background: #2a4d7a;\n}\n\n.recomendadorV2Button:after {\n    margin-top: -2px;\n    content: \"\u2192\";\n    padding: 0px 0px 0px 8px;\n}\n\n.recomendadorV2Alert {\n    text-align: left;\n    font-size: 11px;\n    margin-top: 8px;\n    color: #666;\n}\n\n.recomendadorFixedArea {\n    width: 100%;\n    display: flex;\n    justify-content: center;\n    align-items: center;\n}\n\n@media (min-width: 992px) {\n    #recomendadorFixed {\n        width: 32% !important;\n        left: 5%;\n    }\n    .recomendadorCloseFixed{\n        right: inherit !important;\n        left: 378px !important;\n    }\n}\n\n#recomendadorFixed {\n    width: 90%;\n    box-shadow: 0 10px 20px 0px #00000057;\n    display: none;\n    height: 90px;\n    background: #F6F6F6;\n    position: fixed;\n    flex-direction: row;\n    bottom: 10px;\n    z-index: 9999;\n    border-radius: 16px;\n    padding: 7px 10px;\n}\n\n.recomendadorLeftArea {\n    width: 160px;\n}\n\n.recomendadorRightArea h2 {\n    padding-top: 0px;\n    margin: 2px 0px 4px 0px !important;\n    font-weight: 400;\n    text-align: center;\n    padding-left: 0px !important;\n    color: #000 !important;\n    border-left: none !important;\n    line-height: 20px;\n    font-size: 12px !important;\n}\n\n.recomendadorImgFixed {\n    overflow: hidden;\n    padding: 8px 6px;\n    height: 100%;\n}\n\n.recomendadorImgFixed img {\n    height: 100% !important;\n    border-radius: 16px;\n}\n\n.recomendadorRightArea {\n    padding-top: 6px;\n    display: flex;\n    width: calc(100% - 130px);\n    justify-content: space-between;\n    align-items: center;\n    flex-direction: column;\n}\n\n.recomendadorButtonFixed {\n    margin: 0 auto;\n    background: #1D3557;\n    width: 80%;\n    text-align: center;\n    font-size: 10px;\n    color: #FFF;\n    padding: 2px 10px;\n    border-radius: 3px;\n}\n\n.recomendadorButtonFixed:after {\n    margin-top: -3px;\n    content: \"\u2192\";\n    padding: 0px 0px 0px 10px;\n}\n\n.recomendadorAlertFixed {\n    font-weight: 400;\n    text-align: center;\n    color: #484848;\n    font-size: 8px;\n}\n\n.recomendadorCloseFixed {\n    z-index: 99999;\n    display: none;\n    right: 0px;\n    left: inherit;\n    bottom: 99px;\n    position: fixed;\n    justify-content: center;\n    background: #F6F6F6;\n    width: 25px;\n    align-items: center;\n    height: 25px;\n    font-weight: 800;\n    border-radius: 50%;\n    border: 1px solid #EBEBEB;\n}\n\n.recomendadorV2Desc{\n    color: #000000;\n    margin: 20px 0px;\n}\n\n@media (max-width: 576px) {\n    .recomendadorV2Area {\n      padding: 10px;\n      max-width: 100%;\n    }\n  \n    .recomendadorV2Area1 img {\n      width: 100%;\n      border-radius: 6px;\n    }\n  \n    .recomendadorV2Area2 .recomendadorV2Type {\n      font-size: 9px;\n      letter-spacing: 1px;\n      margin: 8px 0;\n    }\n  \n    .recomendadorV2Title h2 {\n      font-size: 18px !important;\n      margin-bottom: 8px !important;\n      line-height: 1.2;\n    }\n  \n    .recomendadorV2Desc {\n      font-size: 14px;\n      margin: 8px 0 !important;\n      line-height: 1.4;\n    }\n  \n    .recomendadorV2Button {\n      font-size: 12px;\n      height: 30px;\n      padding: 0 12px;\n      max-width: 160px;\n    }\n  \n    .recomendadorV2Button:after {\n      padding-left: 6px;\n    }\n  }\n  <\/style>\n        <div class=\"lazyblock-recomendador-v2-2jDGz wp-block-lazyblock-recomendador-v2\">\n        <a class=\"linkrecomendadorv2\" href=\"https:\/\/diariodepernambuco.com.br\/dpmais\/uber-volta-atras-em-decisao-que-chateou-e-motoristas-agora-estao-pulando-de-alegria\/?utm_source=lazy\" target=\"_blank\" rel=\"noopener\">\n            <div class=\"recomendadorV2Area\">\n            <div class=\"recomendadorV2Area1\">\n                <div class=\"recomendadorV2Img\">\n                <img class=\"lazyloaded\" decoding=\"async\" src=\"https:\/\/diariodepernambuco.audiencelabs.com.br\/wp-content\/uploads\/2025\/10\/Uber.jpg\" data-src=\"https:\/\/diariodepernambuco.audiencelabs.com.br\/wp-content\/uploads\/2025\/10\/Uber.jpg\" alt=\"\">\n                <\/div>\n            <\/div>\n            <div class=\"recomendadorV2Area2\">\n                <div class=\"recomendadorV2Type\">\n                    <span>Boa not\u00edcia<\/span>\n                <\/div>\n                <div class=\"recomendadorV2Title\">\n                <h2><span>Uber reverte decis\u00e3o e motoristas celebram\ud83d\ude97<\/span><\/h2>\n                <\/div>\n                <div class=\"recomendadorV2Desc\">\n                <span>Plataforma volta atr\u00e1s em medida pol\u00eamica<\/span>\n                <\/div>\n                <div class=\"recomendadorV2Button\">Confira j\u00e1<\/div>\n                <div class=\"recomendadorV2Alert\"><\/div>\n            <\/div>\n            <\/div>\n        <\/a>\n        <div>\n            <div style=\"z-index:99999;\" id=\"buttonClose\" onclick=\"closeRecomendadorFixed()\">\n            <div class=\"recomendadorCloseFixed\">X<\/div>\n            <\/div>\n            <a href=\"https:\/\/diariodepernambuco.com.br\/dpmais\/uber-volta-atras-em-decisao-que-chateou-e-motoristas-agora-estao-pulando-de-alegria\/?utm_source=lazy\" target=\"_blank\" rel=\"noopener\">\n            <div class=\"recomendadorFixedArea\">\n                <div id=\"recomendadorFixed\">\n                <div class=\"recomendadorLeftArea\">\n                    <div class=\"recomendadorImgFixed\">\n                    <img class=\"lazyload\" decoding=\"async\" src=\"https:\/\/diariodepernambuco.audiencelabs.com.br\/wp-content\/uploads\/2025\/10\/Uber.jpg\" alt=\"\">\n                    <\/div>\n                <\/div>\n                <div class=\"recomendadorRightArea\">\n                    <div class=\"recomendadorTitleFixed\">\n                    <h2><span>Uber reverte decis\u00e3o e motoristas celebram\ud83d\ude97<\/span><\/h2>\n                    <\/div>\n                    <div class=\"recomendadorButtonFixed\">Confira j\u00e1<\/div>\n                    <div class=\"recomendadorAlertFixed\"><\/div>\n                <\/div>\n                <\/div>\n            <\/div>\n            <\/a>\n        <\/div>\n        <\/div>\n\n\n\n<p>Ap\u00f3s concluir o curso de forma\u00e7\u00e3o, o instrutor deve obter autoriza\u00e7\u00e3o do Detran para atuar na fun\u00e7\u00e3o. A partir desse momento, seu nome ser\u00e1 registrado junto ao Minist\u00e9rio dos Transportes. Por meio dos sites desses \u00f3rg\u00e3os, qualquer pessoa poder\u00e1 consultar se um profissional que se anuncia \u2014 por exemplo, em redes sociais oferecendo aulas \u2014 est\u00e1 devidamente habilitado para prestar o servi\u00e7o.<\/p>\n","protected":false},"excerpt":{"rendered":"<p>Uma das mudan\u00e7as sugeridas pelo Minist\u00e9rio dos Transportes para a obten\u00e7\u00e3o da Carteira Nacional de Habilita\u00e7\u00e3o (CNH) prev\u00ea que as aulas pr\u00e1ticas de dire\u00e7\u00e3o possam ser ministradas por instrutores de tr\u00e2nsito aut\u00f4nomos, sem a necessidade de v\u00ednculo direto com uma autoescola. O primeiro passo para quem gosta de dirigir e quer atuar como instrutor aut\u00f4nomo [&hellip;]<\/p>\n","protected":false},"author":4,"featured_media":514,"comment_status":"open","ping_status":"open","sticky":false,"template":"","format":"standard","meta":{"jnews-multi-image_gallery":[],"jnews_single_post":{"format":"standard"},"jnews_primary_category":[],"jnews_social_meta":[],"jnews_post_split":[],"footnotes":""},"categories":[1],"tags":[],"class_list":["post-7284","post","type-post","status-publish","format-standard","has-post-thumbnail","hentry","category-uncategorized"],"_links":{"self":[{"href":"https:\/\/diariodepernambuco.audiencelabs.com.br\/wp-json\/wp\/v2\/posts\/7284","targetHints":{"allow":["GET"]}}],"collection":[{"href":"https:\/\/diariodepernambuco.audiencelabs.com.br\/wp-json\/wp\/v2\/posts"}],"about":[{"href":"https:\/\/diariodepernambuco.audiencelabs.com.br\/wp-json\/wp\/v2\/types\/post"}],"author":[{"embeddable":true,"href":"https:\/\/diariodepernambuco.audiencelabs.com.br\/wp-json\/wp\/v2\/users\/4"}],"replies":[{"embeddable":true,"href":"https:\/\/diariodepernambuco.audiencelabs.com.br\/wp-json\/wp\/v2\/comments?post=7284"}],"version-history":[{"count":3,"href":"https:\/\/diariodepernambuco.audiencelabs.com.br\/wp-json\/wp\/v2\/posts\/7284\/revisions"}],"predecessor-version":[{"id":7484,"href":"https:\/\/diariodepernambuco.audiencelabs.com.br\/wp-json\/wp\/v2\/posts\/7284\/revisions\/7484"}],"wp:featuredmedia":[{"embeddable":true,"href":"https:\/\/diariodepernambuco.audiencelabs.com.br\/wp-json\/wp\/v2\/media\/514"}],"wp:attachment":[{"href":"https:\/\/diariodepernambuco.audiencelabs.com.br\/wp-json\/wp\/v2\/media?parent=7284"}],"wp:term":[{"taxonomy":"category","embeddable":true,"href":"https:\/\/diariodepernambuco.audiencelabs.com.br\/wp-json\/wp\/v2\/categories?post=7284"},{"taxonomy":"post_tag","embeddable":true,"href":"https:\/\/diariodepernambuco.audiencelabs.com.br\/wp-json\/wp\/v2\/tags?post=7284"}],"curies":[{"name":"wp","href":"https:\/\/api.w.org\/{rel}","templated":true}]}}