{"id":7388,"date":"2025-10-29T13:00:00","date_gmt":"2025-10-29T16:00:00","guid":{"rendered":"https:\/\/diariodepernambuco.audiencelabs.com.br\/?p=7388"},"modified":"2025-10-28T14:44:05","modified_gmt":"2025-10-28T17:44:05","slug":"renomado-grupo-de-padarias-paralisa-atividades-e-chega-a-falencia","status":"publish","type":"post","link":"https:\/\/diariodepernambuco.audiencelabs.com.br\/renomado-grupo-de-padarias-paralisa-atividades-e-chega-a-falencia\/","title":{"rendered":"Renomado grupo de padarias paralisa atividades e chega \u00e0 fal\u00eancia"},"content":{"rendered":"\n<p>A Vara Regional de Fal\u00eancias e Recupera\u00e7\u00f5es Judiciais de Conc\u00f3rdia, em Santa Catarina, decretou a fal\u00eancia do Grupo Bokitu\u2019s, que se encontrava em processo de recupera\u00e7\u00e3o judicial. O grupo, com longa trajet\u00f3ria no setor de panifica\u00e7\u00e3o, inclu\u00eda nomes como Bokitu\u2019s Padaria, GBA Ind\u00fastria, Padaria Mcec\u00edlia, Padaria Pinherus e Panificadora Hell\u00f4.<\/p>\n\n\n\n<p>A Albatroz Investimento e Participa\u00e7\u00e3o Empresarial Ltda, que havia assumido o controle societ\u00e1rio, tamb\u00e9m foi mencionada no processo. A unidade pr\u00f3xima ao SESC segue funcionando normalmente. Com a decis\u00e3o, a Vara Regional de Fal\u00eancias e Recupera\u00e7\u00f5es Judiciais de Conc\u00f3rdia converteu o processo de recupera\u00e7\u00e3o em fal\u00eancia, encerrando oficialmente a tentativa de reestrutura\u00e7\u00e3o das empresas.<\/p>\n\n\n\n<p>\u201cConsiderando o conjunto de provas apresentadas nos autos, fica claro que a recupera\u00e7\u00e3o judicial do Grupo Bokitu\u2019s perdeu seu prop\u00f3sito, j\u00e1 que n\u00e3o h\u00e1 mais atividade econ\u00f4mica a ser preservada nem qualquer perspectiva real de retomada\u201d, afirma a Vara Regional de Fal\u00eancias e Recupera\u00e7\u00f5es Judiciais na decis\u00e3o.<\/p>\n\n\n\n<p>O pedido de recupera\u00e7\u00e3o judicial foi deferido em 29 de mar\u00e7o de 2023, de acordo com o artigo 52 da Lei n\u00ba 11.101\/2005. Desde ent\u00e3o, o processo recebeu diversas manifesta\u00e7\u00f5es das partes, decis\u00f5es judiciais e relat\u00f3rios da administradora respons\u00e1vel pela condu\u00e7\u00e3o do caso.<\/p>\n\n\n\n<h2 class=\"wp-block-heading\">Fim de uma era no setor de panifica\u00e7\u00e3o em Santa Catarina<\/h2>\n\n\n\n<p>A fal\u00eancia do Grupo Bokitu\u2019s marca o encerramento de d\u00e9cadas de atua\u00e7\u00e3o no setor de panifica\u00e7\u00e3o, afetando funcion\u00e1rios, fornecedores e clientes fi\u00e9is. O caso evidencia os desafios enfrentados por empresas tradicionais diante de dificuldades financeiras e a complexidade dos processos de recupera\u00e7\u00e3o judicial.<\/p>\n\n\n\n<p>Especialistas apontam que a decis\u00e3o da Vara de Fal\u00eancias de Conc\u00f3rdia refor\u00e7a a import\u00e2ncia de um planejamento financeiro s\u00f3lido e da ado\u00e7\u00e3o de estrat\u00e9gias de reestrutura\u00e7\u00e3o eficientes para evitar o colapso de empresas consolidadas. A situa\u00e7\u00e3o do Grupo Bokitu\u2019s serve como alerta para o mercado sobre os riscos de inadimpl\u00eancia e gest\u00e3o inadequada em neg\u00f3cios de longo prazo.<\/p>\n","protected":false},"excerpt":{"rendered":"<p>A Vara Regional de Fal\u00eancias e Recupera\u00e7\u00f5es Judiciais de Conc\u00f3rdia, em Santa Catarina, decretou a fal\u00eancia do Grupo Bokitu\u2019s, que se encontrava em processo de recupera\u00e7\u00e3o judicial. O grupo, com longa trajet\u00f3ria no setor de panifica\u00e7\u00e3o, inclu\u00eda nomes como Bokitu\u2019s Padaria, GBA Ind\u00fastria, Padaria Mcec\u00edlia, Padaria Pinherus e Panificadora Hell\u00f4. A Albatroz Investimento e Participa\u00e7\u00e3o [&hellip;]<\/p>\n","protected":false},"author":4,"featured_media":6967,"comment_status":"open","ping_status":"open","sticky":false,"template":"","format":"standard","meta":{"jnews-multi-image_gallery":[],"jnews_single_post":{"format":"standard"},"jnews_primary_category":[],"jnews_social_meta":[],"jnews_post_split":[],"footnotes":""},"categories":[1],"tags":[],"class_list":["post-7388","post","type-post","status-publish","format-standard","has-post-thumbnail","hentry","category-uncategorized"],"_links":{"self":[{"href":"https:\/\/diariodepernambuco.audiencelabs.com.br\/wp-json\/wp\/v2\/posts\/7388","targetHints":{"allow":["GET"]}}],"collection":[{"href":"https:\/\/diariodepernambuco.audiencelabs.com.br\/wp-json\/wp\/v2\/posts"}],"about":[{"href":"https:\/\/diariodepernambuco.audiencelabs.com.br\/wp-json\/wp\/v2\/types\/post"}],"author":[{"embeddable":true,"href":"https:\/\/diariodepernambuco.audiencelabs.com.br\/wp-json\/wp\/v2\/users\/4"}],"replies":[{"embeddable":true,"href":"https:\/\/diariodepernambuco.audiencelabs.com.br\/wp-json\/wp\/v2\/comments?post=7388"}],"version-history":[{"count":2,"href":"https:\/\/diariodepernambuco.audiencelabs.com.br\/wp-json\/wp\/v2\/posts\/7388\/revisions"}],"predecessor-version":[{"id":7390,"href":"https:\/\/diariodepernambuco.audiencelabs.com.br\/wp-json\/wp\/v2\/posts\/7388\/revisions\/7390"}],"wp:featuredmedia":[{"embeddable":true,"href":"https:\/\/diariodepernambuco.audiencelabs.com.br\/wp-json\/wp\/v2\/media\/6967"}],"wp:attachment":[{"href":"https:\/\/diariodepernambuco.audiencelabs.com.br\/wp-json\/wp\/v2\/media?parent=7388"}],"wp:term":[{"taxonomy":"category","embeddable":true,"href":"https:\/\/diariodepernambuco.audiencelabs.com.br\/wp-json\/wp\/v2\/categories?post=7388"},{"taxonomy":"post_tag","embeddable":true,"href":"https:\/\/diariodepernambuco.audiencelabs.com.br\/wp-json\/wp\/v2\/tags?post=7388"}],"curies":[{"name":"wp","href":"https:\/\/api.w.org\/{rel}","templated":true}]}}