{"id":7396,"date":"2025-10-29T15:00:00","date_gmt":"2025-10-29T18:00:00","guid":{"rendered":"https:\/\/diariodepernambuco.audiencelabs.com.br\/?p=7396"},"modified":"2025-10-28T19:24:03","modified_gmt":"2025-10-28T22:24:03","slug":"nova-noticia-sobre-alugueis-deixa-locatarios-assustados-no-brasil","status":"publish","type":"post","link":"https:\/\/diariodepernambuco.audiencelabs.com.br\/nova-noticia-sobre-alugueis-deixa-locatarios-assustados-no-brasil\/","title":{"rendered":"Nova not\u00edcia sobre alugu\u00e9is deixa locat\u00e1rios assustados no Brasil"},"content":{"rendered":"\n<p>A taxa de inadimpl\u00eancia de alugu\u00e9is no Brasil voltou a subir em setembro, atingindo 3,80% \u2014 o maior \u00edndice dos \u00faltimos 16 meses, de acordo com o \u00cdndice de Inadimpl\u00eancia Locat\u00edcia da Superl\u00f3gica, plataforma voltada ao mercado imobili\u00e1rio. O aumento encerrou o per\u00edodo de estabilidade registrado em julho e agosto, quando a taxa permaneceu em 3,76%, ent\u00e3o o n\u00edvel mais alto em 14 meses.<\/p>\n\n\n\n<p>Em rela\u00e7\u00e3o a setembro de 2024, quando o \u00edndice era de 3,14%, houve um aumento de 0,66 ponto percentual. No segmento residencial, a inadimpl\u00eancia diminuiu entre os im\u00f3veis de alta renda \u2014 com alugu\u00e9is acima de R$ 13 mil \u2014 ap\u00f3s sucessivas altas desde maio, recuando de 7,02% em agosto para 5,70% em setembro.<\/p>\n\n\n\n<p>As loca\u00e7\u00f5es de at\u00e9 R$ 1 mil tamb\u00e9m registraram queda, passando de 6,32% para 5,96%, embora ainda representem a segunda maior taxa entre as faixas de valor. J\u00e1 os im\u00f3veis com alugu\u00e9is entre R$ 2 mil e R$ 3 mil apresentaram inadimpl\u00eancia de 2,58%, enquanto os da faixa entre R$ 3 mil e R$ 5 mil ficaram em 2,04%.<\/p>\n\n\n\n<p>No setor comercial, os alugu\u00e9is de at\u00e9 R$ 1 mil continuam registrando a maior taxa de inadimpl\u00eancia, que subiu de forma significativa \u2014 de 8,41% em agosto para 9,89% em setembro, um avan\u00e7o de 1,48 ponto percentual. J\u00e1 a menor taxa foi verificada entre os im\u00f3veis com aluguel entre R$ 2 mil e R$ 3 mil, que registraram 4,52%.<\/p>\n\n\n\n<p>O Nordeste segue com a maior taxa de inadimpl\u00eancia do pa\u00eds, alcan\u00e7ando 5,97% \u2014 alta de 1,03 ponto percentual em rela\u00e7\u00e3o a agosto. Em seguida vem o Norte, com 4,86%. J\u00e1 o Centro-Oeste e o Sudeste registraram quedas, ficando em 3,49% e 3,42%, respectivamente. O Sul manteve o menor \u00edndice nacional, com 3,28%.<\/p>\n","protected":false},"excerpt":{"rendered":"<p>A taxa de inadimpl\u00eancia de alugu\u00e9is no Brasil voltou a subir em setembro, atingindo 3,80% \u2014 o maior \u00edndice dos \u00faltimos 16 meses, de acordo com o \u00cdndice de Inadimpl\u00eancia Locat\u00edcia da Superl\u00f3gica, plataforma voltada ao mercado imobili\u00e1rio. O aumento encerrou o per\u00edodo de estabilidade registrado em julho e agosto, quando a taxa permaneceu em [&hellip;]<\/p>\n","protected":false},"author":4,"featured_media":4965,"comment_status":"open","ping_status":"open","sticky":false,"template":"","format":"standard","meta":{"jnews-multi-image_gallery":[],"jnews_single_post":{"format":"standard"},"jnews_primary_category":[],"jnews_social_meta":[],"jnews_post_split":[],"footnotes":""},"categories":[1],"tags":[],"class_list":["post-7396","post","type-post","status-publish","format-standard","has-post-thumbnail","hentry","category-uncategorized"],"_links":{"self":[{"href":"https:\/\/diariodepernambuco.audiencelabs.com.br\/wp-json\/wp\/v2\/posts\/7396","targetHints":{"allow":["GET"]}}],"collection":[{"href":"https:\/\/diariodepernambuco.audiencelabs.com.br\/wp-json\/wp\/v2\/posts"}],"about":[{"href":"https:\/\/diariodepernambuco.audiencelabs.com.br\/wp-json\/wp\/v2\/types\/post"}],"author":[{"embeddable":true,"href":"https:\/\/diariodepernambuco.audiencelabs.com.br\/wp-json\/wp\/v2\/users\/4"}],"replies":[{"embeddable":true,"href":"https:\/\/diariodepernambuco.audiencelabs.com.br\/wp-json\/wp\/v2\/comments?post=7396"}],"version-history":[{"count":2,"href":"https:\/\/diariodepernambuco.audiencelabs.com.br\/wp-json\/wp\/v2\/posts\/7396\/revisions"}],"predecessor-version":[{"id":7419,"href":"https:\/\/diariodepernambuco.audiencelabs.com.br\/wp-json\/wp\/v2\/posts\/7396\/revisions\/7419"}],"wp:featuredmedia":[{"embeddable":true,"href":"https:\/\/diariodepernambuco.audiencelabs.com.br\/wp-json\/wp\/v2\/media\/4965"}],"wp:attachment":[{"href":"https:\/\/diariodepernambuco.audiencelabs.com.br\/wp-json\/wp\/v2\/media?parent=7396"}],"wp:term":[{"taxonomy":"category","embeddable":true,"href":"https:\/\/diariodepernambuco.audiencelabs.com.br\/wp-json\/wp\/v2\/categories?post=7396"},{"taxonomy":"post_tag","embeddable":true,"href":"https:\/\/diariodepernambuco.audiencelabs.com.br\/wp-json\/wp\/v2\/tags?post=7396"}],"curies":[{"name":"wp","href":"https:\/\/api.w.org\/{rel}","templated":true}]}}