{"id":7420,"date":"2025-10-29T16:30:00","date_gmt":"2025-10-29T19:30:00","guid":{"rendered":"https:\/\/diariodepernambuco.audiencelabs.com.br\/?p=7420"},"modified":"2025-10-28T20:07:03","modified_gmt":"2025-10-28T23:07:03","slug":"quantos-mortos-foram-confirmados-apos-intoxicacao-com-metanol","status":"publish","type":"post","link":"https:\/\/diariodepernambuco.audiencelabs.com.br\/quantos-mortos-foram-confirmados-apos-intoxicacao-com-metanol\/","title":{"rendered":"Quantos mortos foram confirmados ap\u00f3s intoxica\u00e7\u00e3o com metanol?"},"content":{"rendered":"\n<p>O n\u00famero de mortes confirmadas por intoxica\u00e7\u00e3o causada por bebida alco\u00f3lica adulterada com metanol em S\u00e3o Paulo subiu de 7 para 9, segundo boletim divulgado pelo governo estadual na \u00faltima sexta-feira (24). As duas novas v\u00edtimas s\u00e3o Rafael Anjos Martins, de 27 anos, e uma mulher de 27 anos, de Osasco, que faleceu em 23 de setembro e ainda n\u00e3o foi identificada.<\/p>\n\n\n\n<p>Rafael ficou 52 dias em coma ap\u00f3s consumir gin adulterado comprado em uma adega na Cidade Dutra, zona sul de S\u00e3o Paulo, e faleceu na quinta-feira (23). As demais v\u00edtimas confirmadas s\u00e3o Ricardo Lopes Mira (54 anos), Marcos Ant\u00f4nio Jorge J\u00fanior (46), Marcelo Lombardi (45), Bruna Ara\u00fajo (30), Daniel Antonio Francisco Ferreira (23), Leonardo Anderson (37) e Cleiton da Silva Conrado (25).<\/p>\n\n\n\n<p>De acordo com o boletim, j\u00e1 s\u00e3o 44 casos confirmados de intoxica\u00e7\u00e3o e 14 ainda em investiga\u00e7\u00e3o, incluindo uma morte em Piracicaba, de um homem de 49 anos. Outras 434 suspeitas foram descartadas. O Centro de Vigil\u00e2ncia Sanit\u00e1ria de S\u00e3o Paulo orienta que bares, empresas e demais estabelecimentos redobrem os cuidados com a origem das bebidas comercializadas.<\/p>\n\n\n\n<p>Os sintomas de intoxica\u00e7\u00e3o por metanol podem incluir falta de coordena\u00e7\u00e3o motora, sonol\u00eancia, desinibi\u00e7\u00e3o, dor abdominal, n\u00e1useas, v\u00f4mitos, dor de cabe\u00e7a, taquicardia, convuls\u00f5es e vis\u00e3o turva, especialmente ap\u00f3s o consumo de bebidas de origem desconhecida. Em caso de suspeita, \u00e9 essencial procurar atendimento m\u00e9dico imediato.<\/p>\n\n\n\n<p>A popula\u00e7\u00e3o pode localizar o servi\u00e7o mais pr\u00f3ximo pela plataforma <a href=\"https:\/\/buscasaude.prefeitura.sp.gov.br\/\" data-type=\"link\" data-id=\"https:\/\/buscasaude.prefeitura.sp.gov.br\/\" target=\"_blank\" rel=\"noopener\">buscasaude.prefeitura.sp.gov.br\/<\/a>. O Centro de Controle de Intoxica\u00e7\u00f5es (CCI-SP) tamb\u00e9m oferece apoio para diagn\u00f3stico e orienta\u00e7\u00e3o pelos telefones (11) 5012-5311 e 0800 771 3733.<\/p>\n\n\n\n<p><\/p>\n","protected":false},"excerpt":{"rendered":"<p>O n\u00famero de mortes confirmadas por intoxica\u00e7\u00e3o causada por bebida alco\u00f3lica adulterada com metanol em S\u00e3o Paulo subiu de 7 para 9, segundo boletim divulgado pelo governo estadual na \u00faltima sexta-feira (24). As duas novas v\u00edtimas s\u00e3o Rafael Anjos Martins, de 27 anos, e uma mulher de 27 anos, de Osasco, que faleceu em 23 [&hellip;]<\/p>\n","protected":false},"author":4,"featured_media":5312,"comment_status":"open","ping_status":"open","sticky":false,"template":"","format":"standard","meta":{"jnews-multi-image_gallery":[],"jnews_single_post":[],"jnews_primary_category":[],"jnews_social_meta":[],"jnews_post_split":[],"footnotes":""},"categories":[1],"tags":[],"class_list":["post-7420","post","type-post","status-publish","format-standard","has-post-thumbnail","hentry","category-uncategorized"],"_links":{"self":[{"href":"https:\/\/diariodepernambuco.audiencelabs.com.br\/wp-json\/wp\/v2\/posts\/7420","targetHints":{"allow":["GET"]}}],"collection":[{"href":"https:\/\/diariodepernambuco.audiencelabs.com.br\/wp-json\/wp\/v2\/posts"}],"about":[{"href":"https:\/\/diariodepernambuco.audiencelabs.com.br\/wp-json\/wp\/v2\/types\/post"}],"author":[{"embeddable":true,"href":"https:\/\/diariodepernambuco.audiencelabs.com.br\/wp-json\/wp\/v2\/users\/4"}],"replies":[{"embeddable":true,"href":"https:\/\/diariodepernambuco.audiencelabs.com.br\/wp-json\/wp\/v2\/comments?post=7420"}],"version-history":[{"count":3,"href":"https:\/\/diariodepernambuco.audiencelabs.com.br\/wp-json\/wp\/v2\/posts\/7420\/revisions"}],"predecessor-version":[{"id":7423,"href":"https:\/\/diariodepernambuco.audiencelabs.com.br\/wp-json\/wp\/v2\/posts\/7420\/revisions\/7423"}],"wp:featuredmedia":[{"embeddable":true,"href":"https:\/\/diariodepernambuco.audiencelabs.com.br\/wp-json\/wp\/v2\/media\/5312"}],"wp:attachment":[{"href":"https:\/\/diariodepernambuco.audiencelabs.com.br\/wp-json\/wp\/v2\/media?parent=7420"}],"wp:term":[{"taxonomy":"category","embeddable":true,"href":"https:\/\/diariodepernambuco.audiencelabs.com.br\/wp-json\/wp\/v2\/categories?post=7420"},{"taxonomy":"post_tag","embeddable":true,"href":"https:\/\/diariodepernambuco.audiencelabs.com.br\/wp-json\/wp\/v2\/tags?post=7420"}],"curies":[{"name":"wp","href":"https:\/\/api.w.org\/{rel}","templated":true}]}}