{"id":7438,"date":"2025-11-01T13:33:00","date_gmt":"2025-11-01T16:33:00","guid":{"rendered":"https:\/\/diariodepernambuco.audiencelabs.com.br\/?p=7438"},"modified":"2025-10-28T22:09:35","modified_gmt":"2025-10-29T01:09:35","slug":"passo-a-passo-quais-documentos-levar-para-solicitar-nova-identidade","status":"publish","type":"post","link":"https:\/\/diariodepernambuco.audiencelabs.com.br\/passo-a-passo-quais-documentos-levar-para-solicitar-nova-identidade\/","title":{"rendered":"Passo a passo: quais documentos levar para solicitar nova identidade"},"content":{"rendered":"\n<p>O governo federal estabeleceu o prazo m\u00e1ximo para que os brasileiros emitam ou atualizem a nova Carteira de Identidade Nacional (CIN), que substitui o antigo Registro Geral (RG). O novo modelo adota o CPF como identificador \u00fanico, unificando os cadastros e oferecendo mais seguran\u00e7a contra fraudes.<\/p>\n\n\n\n<p>A nova carteira ser\u00e1 disponibilizada em duas vers\u00f5es: f\u00edsica e digital, acess\u00edvel pelo aplicativo <em>Gov.br<\/em>. Segundo o Minist\u00e9rio da Gest\u00e3o e da Inova\u00e7\u00e3o (MGI), o objetivo da mudan\u00e7a \u00e9 padronizar os documentos de identifica\u00e7\u00e3o em todo o pa\u00eds e facilitar o acesso a servi\u00e7os p\u00fablicos.<\/p>\n\n\n\n<p>De acordo com o Decreto n\u00ba 10.977\/2022, os brasileiros poder\u00e3o continuar utilizando o RG antigo at\u00e9 2032, prazo m\u00e1ximo para a troca definitiva pelo novo formato.<\/p>\n\n\n\n<h3 class=\"wp-block-heading\">Quais documentos s\u00e3o necess\u00e1rios para solicitar a CIN<\/h3>\n\n\n\n<p>Para emitir a nova carteira, o cidad\u00e3o deve reunir tr\u00eas documentos b\u00e1sicos:<\/p>\n\n\n\n<ul class=\"wp-block-list\">\n<li><strong>Certid\u00e3o de nascimento ou casamento:<\/strong> original ou c\u00f3pia autenticada;<\/li>\n\n\n\n<li><strong>CPF:<\/strong> deve estar regularizado junto \u00e0 Receita Federal;<\/li>\n\n\n\n<li><strong>Comprovante de resid\u00eancia:<\/strong> contas de \u00e1gua, luz, g\u00e1s, telefone ou internet s\u00e3o aceitas.<\/li>\n<\/ul>\n\n\n\n<p>Com esses documentos em m\u00e3os, basta agendar o atendimento no Instituto de Identifica\u00e7\u00e3o do estado de resid\u00eancia ou do Distrito Federal. Cada unidade federativa disponibiliza o servi\u00e7o por meio de seu pr\u00f3prio portal de agendamento.<\/p>\n\n\n\n<h3 class=\"wp-block-heading\">Emiss\u00e3o e custo do novo documento<\/h3>\n\n\n\n<p>O processo de emiss\u00e3o segue as regras da Lei Federal n\u00ba 7.116\/1983. A primeira via da nova carteira \u00e9 gratuita e emitida em papel de seguran\u00e7a. J\u00e1 a segunda via tem custo vari\u00e1vel, definido de acordo com o estado.<\/p>\n\n\n\n<p>A CIN poder\u00e1 ser usada em todo o territ\u00f3rio nacional e, futuramente, tamb\u00e9m em viagens dentro do Mercosul. O novo modelo traz ainda um QR Code, que permite a verifica\u00e7\u00e3o imediata da autenticidade do documento e dificulta falsifica\u00e7\u00f5es.<\/p>\n","protected":false},"excerpt":{"rendered":"<p>O governo federal estabeleceu o prazo m\u00e1ximo para que os brasileiros emitam ou atualizem a nova Carteira de Identidade Nacional (CIN), que substitui o antigo Registro Geral (RG). O novo modelo adota o CPF como identificador \u00fanico, unificando os cadastros e oferecendo mais seguran\u00e7a contra fraudes. A nova carteira ser\u00e1 disponibilizada em duas vers\u00f5es: f\u00edsica [&hellip;]<\/p>\n","protected":false},"author":7,"featured_media":7439,"comment_status":"open","ping_status":"open","sticky":false,"template":"","format":"standard","meta":{"jnews-multi-image_gallery":[],"jnews_single_post":{"format":"standard"},"jnews_primary_category":[],"jnews_social_meta":[],"jnews_post_split":[],"footnotes":""},"categories":[1],"tags":[],"class_list":["post-7438","post","type-post","status-publish","format-standard","has-post-thumbnail","hentry","category-uncategorized"],"_links":{"self":[{"href":"https:\/\/diariodepernambuco.audiencelabs.com.br\/wp-json\/wp\/v2\/posts\/7438","targetHints":{"allow":["GET"]}}],"collection":[{"href":"https:\/\/diariodepernambuco.audiencelabs.com.br\/wp-json\/wp\/v2\/posts"}],"about":[{"href":"https:\/\/diariodepernambuco.audiencelabs.com.br\/wp-json\/wp\/v2\/types\/post"}],"author":[{"embeddable":true,"href":"https:\/\/diariodepernambuco.audiencelabs.com.br\/wp-json\/wp\/v2\/users\/7"}],"replies":[{"embeddable":true,"href":"https:\/\/diariodepernambuco.audiencelabs.com.br\/wp-json\/wp\/v2\/comments?post=7438"}],"version-history":[{"count":1,"href":"https:\/\/diariodepernambuco.audiencelabs.com.br\/wp-json\/wp\/v2\/posts\/7438\/revisions"}],"predecessor-version":[{"id":7440,"href":"https:\/\/diariodepernambuco.audiencelabs.com.br\/wp-json\/wp\/v2\/posts\/7438\/revisions\/7440"}],"wp:featuredmedia":[{"embeddable":true,"href":"https:\/\/diariodepernambuco.audiencelabs.com.br\/wp-json\/wp\/v2\/media\/7439"}],"wp:attachment":[{"href":"https:\/\/diariodepernambuco.audiencelabs.com.br\/wp-json\/wp\/v2\/media?parent=7438"}],"wp:term":[{"taxonomy":"category","embeddable":true,"href":"https:\/\/diariodepernambuco.audiencelabs.com.br\/wp-json\/wp\/v2\/categories?post=7438"},{"taxonomy":"post_tag","embeddable":true,"href":"https:\/\/diariodepernambuco.audiencelabs.com.br\/wp-json\/wp\/v2\/tags?post=7438"}],"curies":[{"name":"wp","href":"https:\/\/api.w.org\/{rel}","templated":true}]}}