{"id":7446,"date":"2025-10-29T07:39:03","date_gmt":"2025-10-29T10:39:03","guid":{"rendered":"https:\/\/diariodepernambuco.audiencelabs.com.br\/?p=7446"},"modified":"2025-10-29T12:10:54","modified_gmt":"2025-10-29T15:10:54","slug":"lei-quase-aprovada-muda-jornada-de-trabalho-para-12-horas-e-assusta-populacao-de-pais-vizinho-do-brasil","status":"publish","type":"post","link":"https:\/\/diariodepernambuco.audiencelabs.com.br\/lei-quase-aprovada-muda-jornada-de-trabalho-para-12-horas-e-assusta-populacao-de-pais-vizinho-do-brasil\/","title":{"rendered":"Lei quase aprovada muda jornada de trabalho para 12 horas e assusta popula\u00e7\u00e3o de pa\u00eds vizinho do Brasil"},"content":{"rendered":"\n<p>Logo ap\u00f3s celebrar a vit\u00f3ria nas elei\u00e7\u00f5es legislativas do \u00faltimo domingo (26), o presidente argentino Javier Milei sinalizou como pretende aproveitar o novo impulso pol\u00edtico conquistado nas urnas. Com uma correla\u00e7\u00e3o de for\u00e7as mais favor\u00e1vel no Congresso a partir de dezembro, ele dever\u00e1, enfim, conseguir avan\u00e7ar em tr\u00eas reformas que busca implementar desde o in\u00edcio de seu mandato.<\/p>\n\n\n\n<p>Entre elas est\u00e3o a reforma trabalhista, a tribut\u00e1ria e, por fim, a previdenci\u00e1ria. Em entrevista \u00e0 TV argentina logo ap\u00f3s as elei\u00e7\u00f5es, ao comentar poss\u00edveis mudan\u00e7as nas regras de trabalho do pa\u00eds, Milei citou como exemplo um projeto de lei de autoria de uma deputada libert\u00e1ria, que est\u00e1 parado na C\u00e2mara desde o ano passado.<\/p>\n\n\n\n<h2 class=\"wp-block-heading\">Jornada de trabalho de 12 horas na Argentina?<\/h2>\n\n\n\n<p>O projeto prop\u00f5e ampliar a jornada de trabalho de 8 para 12 horas, autorizar o pagamento de parte do sal\u00e1rio em vale-refei\u00e7\u00e3o \u2014 pr\u00e1tica j\u00e1 barrada pela Justi\u00e7a em decis\u00f5es anteriores \u2014 e permitir o parcelamento de multas e indeniza\u00e7\u00f5es em at\u00e9 12 vezes. Nas tentativas anteriores de discutir essas mudan\u00e7as, o governo n\u00e3o obteve \u00eaxito.<\/p>\n\n\n\n<p>No ano passado, Milei chegou a firmar uma tr\u00e9gua com os sindicatos argentinos, especialmente com a CGT (Confedera\u00e7\u00e3o Geral do Trabalho), ao desistir de alterar as regras de arrecada\u00e7\u00e3o sindical \u2014 medida que ajudou a conter grandes mobiliza\u00e7\u00f5es contra o governo. Agora, por\u00e9m, o presidente afirma que pretende retomar a proposta de reforma.<\/p>\n\n\n<style>@media (min-width: 992px) {\n    .recomendadorV2Area1 {\n        width: 280px;\n    }\n    .recomendadorV2Area2 {\n        padding: 0px 20px;\n        width: calc(100% - 280px);\n    }\n}\n\n@media (max-width: 992px) {\n    .recomendadorV2Button {\n        margin: 0 auto;\n    }\n    .recomendadorV2Area {\n        flex-direction: column;\n        text-align: center;\n    }\n    .recomendadorV2Area2 {\n        padding: 0px 20px;\n    }\n}\n\n.recomendadorV2Area {\n    background: #eeeeee3d;\n    border-radius: 10px;\n    padding: 15px;\n    display: flex;\n    margin: 15px auto;\n    border: 1px solid #00000014;\n    max-width: 800px;\n}\n\n.recomendadorV2Area1 img {\n    width: 280px;\n    height: auto;\n    border-radius: 8px;\n}\n\n.linkrecomendadorv2 {\n    text-decoration: none !important;\n}\n\n.recomendadorV2Area2 .recomendadorV2Type {\n    text-transform: uppercase;\n    font-weight: 500;\n    font-size: 11px;\n    letter-spacing: 2px;\n    color: #666;\n    margin: 12px 0;\n    display: block;\n}\n\n.recomendadorV2Title h2 {\n    padding-top: 0px !important;\n    margin: 0px !important;\n    border-left: none !important;\n    padding-left: 0px !important;\n    line-height: 1.3;\n    color: #000 !important;\n    font-size: 24px;\n    margin-bottom: 12px !important;\n}\n\n.recomendadorV2Desc {\n    color: #333;\n    margin: 12px 0px !important;\n    font-size: 15px;\n    line-height: 1.5;\n}\n\n.recomendadorV2Button {\n    width: auto;\n    max-width: 200px;\n    margin: 0;\n    display: inline-flex;\n    align-items: center;\n    background: #1D3557;\n    border-radius: 8px;\n    color: #fff;\n    height: 36px;\n    justify-content: center;\n    text-align: center;\n    font-size: 14px;\n    padding: 0 20px;\n    transition: background-color 0.2s ease;\n}\n\n.recomendadorV2Button:hover {\n    background: #2a4d7a;\n}\n\n.recomendadorV2Button:after {\n    margin-top: -2px;\n    content: \"\u2192\";\n    padding: 0px 0px 0px 8px;\n}\n\n.recomendadorV2Alert {\n    text-align: left;\n    font-size: 11px;\n    margin-top: 8px;\n    color: #666;\n}\n\n.recomendadorFixedArea {\n    width: 100%;\n    display: flex;\n    justify-content: center;\n    align-items: center;\n}\n\n@media (min-width: 992px) {\n    #recomendadorFixed {\n        width: 32% !important;\n        left: 5%;\n    }\n    .recomendadorCloseFixed{\n        right: inherit !important;\n        left: 378px !important;\n    }\n}\n\n#recomendadorFixed {\n    width: 90%;\n    box-shadow: 0 10px 20px 0px #00000057;\n    display: none;\n    height: 90px;\n    background: #F6F6F6;\n    position: fixed;\n    flex-direction: row;\n    bottom: 10px;\n    z-index: 9999;\n    border-radius: 16px;\n    padding: 7px 10px;\n}\n\n.recomendadorLeftArea {\n    width: 160px;\n}\n\n.recomendadorRightArea h2 {\n    padding-top: 0px;\n    margin: 2px 0px 4px 0px !important;\n    font-weight: 400;\n    text-align: center;\n    padding-left: 0px !important;\n    color: #000 !important;\n    border-left: none !important;\n    line-height: 20px;\n    font-size: 12px !important;\n}\n\n.recomendadorImgFixed {\n    overflow: hidden;\n    padding: 8px 6px;\n    height: 100%;\n}\n\n.recomendadorImgFixed img {\n    height: 100% !important;\n    border-radius: 16px;\n}\n\n.recomendadorRightArea {\n    padding-top: 6px;\n    display: flex;\n    width: calc(100% - 130px);\n    justify-content: space-between;\n    align-items: center;\n    flex-direction: column;\n}\n\n.recomendadorButtonFixed {\n    margin: 0 auto;\n    background: #1D3557;\n    width: 80%;\n    text-align: center;\n    font-size: 10px;\n    color: #FFF;\n    padding: 2px 10px;\n    border-radius: 3px;\n}\n\n.recomendadorButtonFixed:after {\n    margin-top: -3px;\n    content: \"\u2192\";\n    padding: 0px 0px 0px 10px;\n}\n\n.recomendadorAlertFixed {\n    font-weight: 400;\n    text-align: center;\n    color: #484848;\n    font-size: 8px;\n}\n\n.recomendadorCloseFixed {\n    z-index: 99999;\n    display: none;\n    right: 0px;\n    left: inherit;\n    bottom: 99px;\n    position: fixed;\n    justify-content: center;\n    background: #F6F6F6;\n    width: 25px;\n    align-items: center;\n    height: 25px;\n    font-weight: 800;\n    border-radius: 50%;\n    border: 1px solid #EBEBEB;\n}\n\n.recomendadorV2Desc{\n    color: #000000;\n    margin: 20px 0px;\n}\n\n@media (max-width: 576px) {\n    .recomendadorV2Area {\n      padding: 10px;\n      max-width: 100%;\n    }\n  \n    .recomendadorV2Area1 img {\n      width: 100%;\n      border-radius: 6px;\n    }\n  \n    .recomendadorV2Area2 .recomendadorV2Type {\n      font-size: 9px;\n      letter-spacing: 1px;\n      margin: 8px 0;\n    }\n  \n    .recomendadorV2Title h2 {\n      font-size: 18px !important;\n      margin-bottom: 8px !important;\n      line-height: 1.2;\n    }\n  \n    .recomendadorV2Desc {\n      font-size: 14px;\n      margin: 8px 0 !important;\n      line-height: 1.4;\n    }\n  \n    .recomendadorV2Button {\n      font-size: 12px;\n      height: 30px;\n      padding: 0 12px;\n      max-width: 160px;\n    }\n  \n    .recomendadorV2Button:after {\n      padding-left: 6px;\n    }\n  }\n  <\/style>\n        <div class=\"lazyblock-recomendador-v2-2jDGz wp-block-lazyblock-recomendador-v2\">\n        <a class=\"linkrecomendadorv2\" href=\"https:\/\/diariodepernambuco.com.br\/dpmais\/uber-volta-atras-em-decisao-que-chateou-e-motoristas-agora-estao-pulando-de-alegria\/?utm_source=lazy\" target=\"_blank\" rel=\"noopener\">\n            <div class=\"recomendadorV2Area\">\n            <div class=\"recomendadorV2Area1\">\n                <div class=\"recomendadorV2Img\">\n                <img class=\"lazyloaded\" decoding=\"async\" src=\"https:\/\/diariodepernambuco.audiencelabs.com.br\/wp-content\/uploads\/2025\/10\/Uber.jpg\" data-src=\"https:\/\/diariodepernambuco.audiencelabs.com.br\/wp-content\/uploads\/2025\/10\/Uber.jpg\" alt=\"\">\n                <\/div>\n            <\/div>\n            <div class=\"recomendadorV2Area2\">\n                <div class=\"recomendadorV2Type\">\n                    <span>Boa not\u00edcia<\/span>\n                <\/div>\n                <div class=\"recomendadorV2Title\">\n                <h2><span>Uber reverte decis\u00e3o e motoristas celebram\ud83d\ude97<\/span><\/h2>\n                <\/div>\n                <div class=\"recomendadorV2Desc\">\n                <span>Plataforma volta atr\u00e1s em medida pol\u00eamica<\/span>\n                <\/div>\n                <div class=\"recomendadorV2Button\">Confira j\u00e1<\/div>\n                <div class=\"recomendadorV2Alert\"><\/div>\n            <\/div>\n            <\/div>\n        <\/a>\n        <div>\n            <div style=\"z-index:99999;\" id=\"buttonClose\" onclick=\"closeRecomendadorFixed()\">\n            <div class=\"recomendadorCloseFixed\">X<\/div>\n            <\/div>\n            <a href=\"https:\/\/diariodepernambuco.com.br\/dpmais\/uber-volta-atras-em-decisao-que-chateou-e-motoristas-agora-estao-pulando-de-alegria\/?utm_source=lazy\" target=\"_blank\" rel=\"noopener\">\n            <div class=\"recomendadorFixedArea\">\n                <div id=\"recomendadorFixed\">\n                <div class=\"recomendadorLeftArea\">\n                    <div class=\"recomendadorImgFixed\">\n                    <img class=\"lazyload\" decoding=\"async\" src=\"https:\/\/diariodepernambuco.audiencelabs.com.br\/wp-content\/uploads\/2025\/10\/Uber.jpg\" alt=\"\">\n                    <\/div>\n                <\/div>\n                <div class=\"recomendadorRightArea\">\n                    <div class=\"recomendadorTitleFixed\">\n                    <h2><span>Uber reverte decis\u00e3o e motoristas celebram\ud83d\ude97<\/span><\/h2>\n                    <\/div>\n                    <div class=\"recomendadorButtonFixed\">Confira j\u00e1<\/div>\n                    <div class=\"recomendadorAlertFixed\"><\/div>\n                <\/div>\n                <\/div>\n            <\/div>\n            <\/a>\n        <\/div>\n        <\/div>\n\n\n\n<p>O mercado de trabalho argentino foi impactado pelo atual programa de ajuste econ\u00f4mico que, embora tenha contribu\u00eddo para conter a infla\u00e7\u00e3o, tamb\u00e9m desacelerou a atividade produtiva. Al\u00e9m disso, a informalidade aumentou ao longo do \u00faltimo ano.<\/p>\n\n\n\n<p>Em setembro, dados do Indec (Instituto Nacional de Estat\u00edsticas e Censos) revelaram que 43,2% da popula\u00e7\u00e3o ocupada trabalhava de forma informal, e 37% desses trabalhadores n\u00e3o faziam qualquer tipo de contribui\u00e7\u00e3o para a previd\u00eancia. O n\u00famero de trabalhadores informais cresceu em 226 mil entre o segundo trimestre de 2024 e o mesmo per\u00edodo de 2025, totalizando 5,75 milh\u00f5es de pessoas.<\/p>\n\n\n\n<p><\/p>\n","protected":false},"excerpt":{"rendered":"<p>Logo ap\u00f3s celebrar a vit\u00f3ria nas elei\u00e7\u00f5es legislativas do \u00faltimo domingo (26), o presidente argentino Javier Milei sinalizou como pretende aproveitar o novo impulso pol\u00edtico conquistado nas urnas. Com uma correla\u00e7\u00e3o de for\u00e7as mais favor\u00e1vel no Congresso a partir de dezembro, ele dever\u00e1, enfim, conseguir avan\u00e7ar em tr\u00eas reformas que busca implementar desde o in\u00edcio [&hellip;]<\/p>\n","protected":false},"author":4,"featured_media":7447,"comment_status":"open","ping_status":"open","sticky":false,"template":"","format":"standard","meta":{"jnews-multi-image_gallery":[],"jnews_single_post":{"format":"standard"},"jnews_primary_category":[],"jnews_social_meta":[],"jnews_post_split":[],"footnotes":""},"categories":[1],"tags":[],"class_list":["post-7446","post","type-post","status-publish","format-standard","has-post-thumbnail","hentry","category-uncategorized"],"_links":{"self":[{"href":"https:\/\/diariodepernambuco.audiencelabs.com.br\/wp-json\/wp\/v2\/posts\/7446","targetHints":{"allow":["GET"]}}],"collection":[{"href":"https:\/\/diariodepernambuco.audiencelabs.com.br\/wp-json\/wp\/v2\/posts"}],"about":[{"href":"https:\/\/diariodepernambuco.audiencelabs.com.br\/wp-json\/wp\/v2\/types\/post"}],"author":[{"embeddable":true,"href":"https:\/\/diariodepernambuco.audiencelabs.com.br\/wp-json\/wp\/v2\/users\/4"}],"replies":[{"embeddable":true,"href":"https:\/\/diariodepernambuco.audiencelabs.com.br\/wp-json\/wp\/v2\/comments?post=7446"}],"version-history":[{"count":3,"href":"https:\/\/diariodepernambuco.audiencelabs.com.br\/wp-json\/wp\/v2\/posts\/7446\/revisions"}],"predecessor-version":[{"id":7483,"href":"https:\/\/diariodepernambuco.audiencelabs.com.br\/wp-json\/wp\/v2\/posts\/7446\/revisions\/7483"}],"wp:featuredmedia":[{"embeddable":true,"href":"https:\/\/diariodepernambuco.audiencelabs.com.br\/wp-json\/wp\/v2\/media\/7447"}],"wp:attachment":[{"href":"https:\/\/diariodepernambuco.audiencelabs.com.br\/wp-json\/wp\/v2\/media?parent=7446"}],"wp:term":[{"taxonomy":"category","embeddable":true,"href":"https:\/\/diariodepernambuco.audiencelabs.com.br\/wp-json\/wp\/v2\/categories?post=7446"},{"taxonomy":"post_tag","embeddable":true,"href":"https:\/\/diariodepernambuco.audiencelabs.com.br\/wp-json\/wp\/v2\/tags?post=7446"}],"curies":[{"name":"wp","href":"https:\/\/api.w.org\/{rel}","templated":true}]}}