{"id":7451,"date":"2025-10-29T07:47:30","date_gmt":"2025-10-29T10:47:30","guid":{"rendered":"https:\/\/diariodepernambuco.audiencelabs.com.br\/?p=7451"},"modified":"2025-10-29T12:11:20","modified_gmt":"2025-10-29T15:11:20","slug":"uber-volta-atras-em-decisao-que-chateou-e-motoristas-agora-estao-pulando-de-alegria","status":"publish","type":"post","link":"https:\/\/diariodepernambuco.audiencelabs.com.br\/uber-volta-atras-em-decisao-que-chateou-e-motoristas-agora-estao-pulando-de-alegria\/","title":{"rendered":"Uber volta atr\u00e1s em decis\u00e3o que chateou e motoristas agora est\u00e3o pulando de alegria"},"content":{"rendered":"\n<p>A Uber voltou atr\u00e1s na decis\u00e3o tomada h\u00e1 cerca de duas semanas que restringia o uso do modelo Citro\u00ebn Basalt na categoria Black. O an\u00fancio do recuo foi feito na segunda-feira (27), ap\u00f3s uma s\u00e9rie de reclama\u00e7\u00f5es de motoristas e usu\u00e1rios. No entanto, a medida \u00e9 tempor\u00e1ria: a empresa apenas adiou a proibi\u00e7\u00e3o, que agora passa a valer a partir de 31 de dezembro do pr\u00f3ximo ano.<\/p>\n\n\n\n<p>J\u00e1 o outro modelo afetado, o Renault Kardian, permanece fora da lista de ve\u00edculos permitidos para o Uber Black e ser\u00e1 definitivamente exclu\u00eddo da categoria em 5 de janeiro de 2026. O SUV da Citro\u00ebn, por sua vez, poder\u00e1 ser cadastrado at\u00e9 o fim de 2025 e continuar\u00e1 autorizado a operar em todas as categorias do aplicativo at\u00e9 o \u00faltimo dia de 2026.<\/p>\n\n\n\n<p>A Uber realiza anualmente a atualiza\u00e7\u00e3o da lista de modelos aceitos em cada categoria. Durante a revis\u00e3o, s\u00e3o avaliados crit\u00e9rios como o ano m\u00ednimo de fabrica\u00e7\u00e3o e os ve\u00edculos que deixar\u00e3o de ser aceitos. Al\u00e9m do Renault Kardian, os modelos que ser\u00e3o removidos da categoria Black incluem o Chery Tiggo 3X e Tiggo 3, o Peugeot E-2008, o Hyundai Kona Hybrid, e os J3 Turin e iEV 40 da JAC Motors.<\/p>\n\n\n\n<p>No comunicado, a Uber ressaltou que os ve\u00edculos da categoria Black devem possuir ar-condicionado, quatro portas e estar nas cores preto, chumbo, prata, cinza, azul-marinho, marrom ou branco. J\u00e1 na categoria Comfort, o Renault Logan deixar\u00e1 de ser aceito, independentemente do ano de fabrica\u00e7\u00e3o.<\/p>\n\n\n\n<h2 class=\"wp-block-heading\">Regras de cores, portas e conforto: o que muda para motoristas do Uber<\/h2>\n\n\n\n<p>Al\u00e9m de definir quais modelos s\u00e3o aceitos, a Uber refor\u00e7ou os requisitos espec\u00edficos para cada categoria. Para a categoria Black, os ve\u00edculos devem ter ar-condicionado, quatro portas e cores restritas a preto, chumbo, prata, cinza, azul-marinho, marrom ou branco, garantindo um padr\u00e3o de conforto e sofistica\u00e7\u00e3o para os passageiros.<\/p>\n\n\n\n<p>Na categoria Comfort, mudan\u00e7as tamb\u00e9m foram anunciadas: o Renault Logan deixar\u00e1 de ser aceito, independentemente do ano de fabrica\u00e7\u00e3o. A atualiza\u00e7\u00e3o anual das regras mostra o esfor\u00e7o da empresa em padronizar a experi\u00eancia do usu\u00e1rio, ao mesmo tempo em que gera ajustes importantes para os motoristas parceiros.<\/p>\n","protected":false},"excerpt":{"rendered":"<p>A Uber voltou atr\u00e1s na decis\u00e3o tomada h\u00e1 cerca de duas semanas que restringia o uso do modelo Citro\u00ebn Basalt na categoria Black. O an\u00fancio do recuo foi feito na segunda-feira (27), ap\u00f3s uma s\u00e9rie de reclama\u00e7\u00f5es de motoristas e usu\u00e1rios. No entanto, a medida \u00e9 tempor\u00e1ria: a empresa apenas adiou a proibi\u00e7\u00e3o, que agora [&hellip;]<\/p>\n","protected":false},"author":4,"featured_media":6750,"comment_status":"open","ping_status":"open","sticky":false,"template":"","format":"standard","meta":{"jnews-multi-image_gallery":[],"jnews_single_post":{"format":"standard"},"jnews_primary_category":[],"jnews_social_meta":[],"jnews_post_split":[],"footnotes":""},"categories":[1],"tags":[],"class_list":["post-7451","post","type-post","status-publish","format-standard","has-post-thumbnail","hentry","category-uncategorized"],"_links":{"self":[{"href":"https:\/\/diariodepernambuco.audiencelabs.com.br\/wp-json\/wp\/v2\/posts\/7451","targetHints":{"allow":["GET"]}}],"collection":[{"href":"https:\/\/diariodepernambuco.audiencelabs.com.br\/wp-json\/wp\/v2\/posts"}],"about":[{"href":"https:\/\/diariodepernambuco.audiencelabs.com.br\/wp-json\/wp\/v2\/types\/post"}],"author":[{"embeddable":true,"href":"https:\/\/diariodepernambuco.audiencelabs.com.br\/wp-json\/wp\/v2\/users\/4"}],"replies":[{"embeddable":true,"href":"https:\/\/diariodepernambuco.audiencelabs.com.br\/wp-json\/wp\/v2\/comments?post=7451"}],"version-history":[{"count":2,"href":"https:\/\/diariodepernambuco.audiencelabs.com.br\/wp-json\/wp\/v2\/posts\/7451\/revisions"}],"predecessor-version":[{"id":7481,"href":"https:\/\/diariodepernambuco.audiencelabs.com.br\/wp-json\/wp\/v2\/posts\/7451\/revisions\/7481"}],"wp:featuredmedia":[{"embeddable":true,"href":"https:\/\/diariodepernambuco.audiencelabs.com.br\/wp-json\/wp\/v2\/media\/6750"}],"wp:attachment":[{"href":"https:\/\/diariodepernambuco.audiencelabs.com.br\/wp-json\/wp\/v2\/media?parent=7451"}],"wp:term":[{"taxonomy":"category","embeddable":true,"href":"https:\/\/diariodepernambuco.audiencelabs.com.br\/wp-json\/wp\/v2\/categories?post=7451"},{"taxonomy":"post_tag","embeddable":true,"href":"https:\/\/diariodepernambuco.audiencelabs.com.br\/wp-json\/wp\/v2\/tags?post=7451"}],"curies":[{"name":"wp","href":"https:\/\/api.w.org\/{rel}","templated":true}]}}