{"id":7458,"date":"2025-10-29T11:04:16","date_gmt":"2025-10-29T14:04:16","guid":{"rendered":"https:\/\/diariodepernambuco.audiencelabs.com.br\/?p=7458"},"modified":"2025-10-29T12:28:00","modified_gmt":"2025-10-29T15:28:00","slug":"a-cidade-brasileira-que-o-sol-nasce-duas-vezes-por-dia-e-quase-ninguem-sabe","status":"publish","type":"post","link":"https:\/\/diariodepernambuco.audiencelabs.com.br\/a-cidade-brasileira-que-o-sol-nasce-duas-vezes-por-dia-e-quase-ninguem-sabe\/","title":{"rendered":"A cidade brasileira que o sol nasce duas vezes por dia e quase ningu\u00e9m sabe"},"content":{"rendered":"\n<p>Pouca gente sabe, mas existe uma cidade no interior da Bahia onde o sol parece nascer duas vezes por dia. Trata-se de Monte Alto, um lugar de paisagens \u00fanicas e fen\u00f4menos naturais que despertam curiosidade em visitantes e moradores.<\/p>\n\n\n\n<p>Gra\u00e7as \u00e0 sua localiza\u00e7\u00e3o privilegiada entre forma\u00e7\u00f5es rochosas e serras, o munic\u00edpio oferece um espet\u00e1culo raro: o sol desponta no horizonte, desaparece brevemente atr\u00e1s das montanhas e volta a surgir minutos depois, criando a ilus\u00e3o de um segundo nascer do dia. O fen\u00f4meno acontece por causa do relevo acidentado da regi\u00e3o, cercada por morros e serras que formam um cen\u00e1rio singular.<\/p>\n\n\n\n<p>Quando o sol surge pela primeira vez, ele rapidamente \u00e9 encoberto pelas eleva\u00e7\u00f5es rochosas, reaparecendo em seguida em outro ponto do horizonte \u2014 o que d\u00e1 aos moradores a sensa\u00e7\u00e3o de presenciar dois amanheceres em um \u00fanico dia. Esse espet\u00e1culo natural atrai fot\u00f3grafos, curiosos e turistas que buscam vivenciar algo diferente, especialmente nos meses de c\u00e9u limpo e clima ameno.<\/p>\n\n\n\n<h2 class=\"wp-block-heading\">Fen\u00f4meno solar e tranquilidade<\/h2>\n\n\n\n<p>Al\u00e9m do fen\u00f4meno solar, Monte Alto encanta pela tranquilidade t\u00edpica das pequenas cidades e por suas belezas naturais. O munic\u00edpio \u00e9 cercado por trilhas, cachoeiras e mirantes que permitem observar o nascer e o p\u00f4r do sol em diferentes \u00e2ngulos, tornando-se um destino ideal para quem aprecia o ecoturismo e o contato com a natureza.<\/p>\n\n\n\n<p>Embora ainda pouco conhecida, a cidade vem ganhando destaque nas redes sociais, despertando o interesse de quem busca experi\u00eancias aut\u00eanticas e paisagens fora dos roteiros tradicionais da Bahia. Outras regi\u00f5es serranas localizadas em Minas Gerais e Cear\u00e1 tamb\u00e9m possuem fen\u00f4menos parecidos com o que ocorre em Monte Alto.<\/p>\n\n\n\n<p><\/p>\n","protected":false},"excerpt":{"rendered":"<p>Pouca gente sabe, mas existe uma cidade no interior da Bahia onde o sol parece nascer duas vezes por dia. Trata-se de Monte Alto, um lugar de paisagens \u00fanicas e fen\u00f4menos naturais que despertam curiosidade em visitantes e moradores. Gra\u00e7as \u00e0 sua localiza\u00e7\u00e3o privilegiada entre forma\u00e7\u00f5es rochosas e serras, o munic\u00edpio oferece um espet\u00e1culo raro: [&hellip;]<\/p>\n","protected":false},"author":4,"featured_media":7459,"comment_status":"open","ping_status":"open","sticky":false,"template":"","format":"standard","meta":{"jnews-multi-image_gallery":[],"jnews_single_post":{"format":"standard"},"jnews_primary_category":[],"jnews_social_meta":[],"jnews_post_split":[],"footnotes":""},"categories":[1],"tags":[],"class_list":["post-7458","post","type-post","status-publish","format-standard","has-post-thumbnail","hentry","category-uncategorized"],"_links":{"self":[{"href":"https:\/\/diariodepernambuco.audiencelabs.com.br\/wp-json\/wp\/v2\/posts\/7458","targetHints":{"allow":["GET"]}}],"collection":[{"href":"https:\/\/diariodepernambuco.audiencelabs.com.br\/wp-json\/wp\/v2\/posts"}],"about":[{"href":"https:\/\/diariodepernambuco.audiencelabs.com.br\/wp-json\/wp\/v2\/types\/post"}],"author":[{"embeddable":true,"href":"https:\/\/diariodepernambuco.audiencelabs.com.br\/wp-json\/wp\/v2\/users\/4"}],"replies":[{"embeddable":true,"href":"https:\/\/diariodepernambuco.audiencelabs.com.br\/wp-json\/wp\/v2\/comments?post=7458"}],"version-history":[{"count":2,"href":"https:\/\/diariodepernambuco.audiencelabs.com.br\/wp-json\/wp\/v2\/posts\/7458\/revisions"}],"predecessor-version":[{"id":7490,"href":"https:\/\/diariodepernambuco.audiencelabs.com.br\/wp-json\/wp\/v2\/posts\/7458\/revisions\/7490"}],"wp:featuredmedia":[{"embeddable":true,"href":"https:\/\/diariodepernambuco.audiencelabs.com.br\/wp-json\/wp\/v2\/media\/7459"}],"wp:attachment":[{"href":"https:\/\/diariodepernambuco.audiencelabs.com.br\/wp-json\/wp\/v2\/media?parent=7458"}],"wp:term":[{"taxonomy":"category","embeddable":true,"href":"https:\/\/diariodepernambuco.audiencelabs.com.br\/wp-json\/wp\/v2\/categories?post=7458"},{"taxonomy":"post_tag","embeddable":true,"href":"https:\/\/diariodepernambuco.audiencelabs.com.br\/wp-json\/wp\/v2\/tags?post=7458"}],"curies":[{"name":"wp","href":"https:\/\/api.w.org\/{rel}","templated":true}]}}