{"id":7474,"date":"2025-10-30T13:00:00","date_gmt":"2025-10-30T16:00:00","guid":{"rendered":"https:\/\/diariodepernambuco.audiencelabs.com.br\/?p=7474"},"modified":"2025-10-29T12:00:04","modified_gmt":"2025-10-29T15:00:04","slug":"extintores-de-incendio-nos-veiculos-seguem-obrigatorios-e-ainda-causam-multas","status":"publish","type":"post","link":"https:\/\/diariodepernambuco.audiencelabs.com.br\/extintores-de-incendio-nos-veiculos-seguem-obrigatorios-e-ainda-causam-multas\/","title":{"rendered":"Extintores de inc\u00eandio nos ve\u00edculos seguem obrigat\u00f3rios e ainda causam multas"},"content":{"rendered":"\n<p>Desde outubro de 2015, o extintor de inc\u00eandio deixou de ser obrigat\u00f3rio em autom\u00f3veis de passeio e ve\u00edculos utilit\u00e1rios, conforme determina a Resolu\u00e7\u00e3o 556\/2015 do Contran (Conselho Nacional de Tr\u00e2nsito). Entretanto, o equipamento continua exigido para caminh\u00f5es, ve\u00edculos de transporte de produtos inflam\u00e1veis e todos os ve\u00edculos destinados ao transporte coletivo de passageiros.<\/p>\n\n\n\n<p>Com a mudan\u00e7a, a maioria dos carros de passeio atualmente \u00e9 vendida sem o extintor, embora ainda seja poss\u00edvel compr\u00e1-lo e instal\u00e1-lo posteriormente. \u00c9 importante, no entanto, ficar atento: portar um extintor em ve\u00edculos de uso facultativo pode gerar autua\u00e7\u00e3o por infra\u00e7\u00e3o grave, com multa de R$ 195,23, cinco pontos na carteira e reten\u00e7\u00e3o do autom\u00f3vel at\u00e9 a regulariza\u00e7\u00e3o.<\/p>\n\n\n\n<p>Caso o ve\u00edculo possua um extintor, ele deve estar dentro do prazo de validade e atender \u00e0s especifica\u00e7\u00f5es exigidas. Existe uma certa contradi\u00e7\u00e3o na legisla\u00e7\u00e3o: embora o uso do extintor seja facultativo para determinados ve\u00edculos, os propriet\u00e1rios que optarem por t\u00ea-lo devem cumprir todas as normas vigentes relacionadas ao equipamento.<\/p>\n\n\n\n<p>De acordo com a Resolu\u00e7\u00e3o 556\/2015, o extintor deve conter obrigatoriamente p\u00f3 qu\u00edmico do tipo ABC, indicado para combater inc\u00eandios envolvendo materiais s\u00f3lidos, l\u00edquidos e equipamentos energizados. Esse tipo de carga funciona abafando o fogo, interrompendo a rea\u00e7\u00e3o de combust\u00e3o e, por n\u00e3o conduzir eletricidade, \u00e9 seguro para uso em aparelhos eletr\u00f4nicos e instala\u00e7\u00f5es energizadas.<\/p>\n\n\n\n<h2 class=\"wp-block-heading\">Cuidados e normas para quem opta por ter extintor no carro<\/h2>\n\n\n\n<p>Mesmo sendo facultativo para ve\u00edculos de passeio e utilit\u00e1rios, ter um extintor exige aten\u00e7\u00e3o \u00e0s regras de validade e especifica\u00e7\u00f5es t\u00e9cnicas. Propriet\u00e1rios que decidem manter o equipamento devem garantir que ele esteja dentro do prazo de validade e com p\u00f3 qu\u00edmico tipo ABC, capaz de combater inc\u00eandios em materiais s\u00f3lidos, l\u00edquidos e equipamentos energizados de forma segura.<\/p>\n\n\n\n<p>Al\u00e9m disso, \u00e9 importante lembrar que o n\u00e3o cumprimento dessas normas pode gerar multas e penalidades. A legisla\u00e7\u00e3o estabelece que, caso o extintor n\u00e3o esteja conforme exigido, o ve\u00edculo pode ser retido at\u00e9 a regulariza\u00e7\u00e3o, e o condutor sujeito a autua\u00e7\u00e3o por infra\u00e7\u00e3o grave, refor\u00e7ando a necessidade de aten\u00e7\u00e3o mesmo quando o uso do equipamento \u00e9 opcional.<\/p>\n\n\n\n<p><\/p>\n","protected":false},"excerpt":{"rendered":"<p>Desde outubro de 2015, o extintor de inc\u00eandio deixou de ser obrigat\u00f3rio em autom\u00f3veis de passeio e ve\u00edculos utilit\u00e1rios, conforme determina a Resolu\u00e7\u00e3o 556\/2015 do Contran (Conselho Nacional de Tr\u00e2nsito). Entretanto, o equipamento continua exigido para caminh\u00f5es, ve\u00edculos de transporte de produtos inflam\u00e1veis e todos os ve\u00edculos destinados ao transporte coletivo de passageiros. Com a [&hellip;]<\/p>\n","protected":false},"author":4,"featured_media":7476,"comment_status":"open","ping_status":"open","sticky":false,"template":"","format":"standard","meta":{"jnews-multi-image_gallery":[],"jnews_single_post":{"format":"standard"},"jnews_primary_category":[],"jnews_social_meta":[],"jnews_post_split":[],"footnotes":""},"categories":[1],"tags":[],"class_list":["post-7474","post","type-post","status-publish","format-standard","has-post-thumbnail","hentry","category-uncategorized"],"_links":{"self":[{"href":"https:\/\/diariodepernambuco.audiencelabs.com.br\/wp-json\/wp\/v2\/posts\/7474","targetHints":{"allow":["GET"]}}],"collection":[{"href":"https:\/\/diariodepernambuco.audiencelabs.com.br\/wp-json\/wp\/v2\/posts"}],"about":[{"href":"https:\/\/diariodepernambuco.audiencelabs.com.br\/wp-json\/wp\/v2\/types\/post"}],"author":[{"embeddable":true,"href":"https:\/\/diariodepernambuco.audiencelabs.com.br\/wp-json\/wp\/v2\/users\/4"}],"replies":[{"embeddable":true,"href":"https:\/\/diariodepernambuco.audiencelabs.com.br\/wp-json\/wp\/v2\/comments?post=7474"}],"version-history":[{"count":2,"href":"https:\/\/diariodepernambuco.audiencelabs.com.br\/wp-json\/wp\/v2\/posts\/7474\/revisions"}],"predecessor-version":[{"id":7477,"href":"https:\/\/diariodepernambuco.audiencelabs.com.br\/wp-json\/wp\/v2\/posts\/7474\/revisions\/7477"}],"wp:featuredmedia":[{"embeddable":true,"href":"https:\/\/diariodepernambuco.audiencelabs.com.br\/wp-json\/wp\/v2\/media\/7476"}],"wp:attachment":[{"href":"https:\/\/diariodepernambuco.audiencelabs.com.br\/wp-json\/wp\/v2\/media?parent=7474"}],"wp:term":[{"taxonomy":"category","embeddable":true,"href":"https:\/\/diariodepernambuco.audiencelabs.com.br\/wp-json\/wp\/v2\/categories?post=7474"},{"taxonomy":"post_tag","embeddable":true,"href":"https:\/\/diariodepernambuco.audiencelabs.com.br\/wp-json\/wp\/v2\/tags?post=7474"}],"curies":[{"name":"wp","href":"https:\/\/api.w.org\/{rel}","templated":true}]}}