{"id":7511,"date":"2025-10-29T14:33:01","date_gmt":"2025-10-29T17:33:01","guid":{"rendered":"https:\/\/diariodepernambuco.audiencelabs.com.br\/?p=7511"},"modified":"2025-10-29T14:33:11","modified_gmt":"2025-10-29T17:33:11","slug":"menor-cidade-do-brasil-tem-menos-de-1-mil-moradores-e-fica-escondida-de-todos","status":"publish","type":"post","link":"https:\/\/diariodepernambuco.audiencelabs.com.br\/menor-cidade-do-brasil-tem-menos-de-1-mil-moradores-e-fica-escondida-de-todos\/","title":{"rendered":"Menor cidade do Brasil t\u00eam menos de 1 mil moradores e fica escondida de todos"},"content":{"rendered":"\n<p>Conhecida por ser a cidade menos populosa do Brasil, Serra da Saudade, em Minas Gerais, voltou a registrar uma leve queda no n\u00famero de habitantes. Segundo dados do Cart\u00f3rio de Registro Civil e Notas do munic\u00edpio, a popula\u00e7\u00e3o passou de 833 para 831 pessoas entre fevereiro e maio de 2024. Nesse per\u00edodo, foram contabilizados tr\u00eas \u00f3bitos e apenas um nascimento.<\/p>\n\n\n\n<p>O Censo do Instituto Brasileiro de Geografia e Estat\u00edstica (IBGE), divulgado em 2023, j\u00e1 havia confirmado o munic\u00edpio como o menor do pa\u00eds. Localizada a cerca de 250 quil\u00f4metros de Belo Horizonte, Serra da Saudade mant\u00e9m o t\u00edtulo h\u00e1 mais de uma d\u00e9cada, superando Bor\u00e1, no interior de S\u00e3o Paulo.<\/p>\n\n\n\n<h3 class=\"wp-block-heading\">Tradi\u00e7\u00f5es e curiosidades<\/h3>\n\n\n\n<p>Apesar do tamanho diminuto, o munic\u00edpio abriga uma comunidade bastante unida e cheia de peculiaridades. Uma \u00fanica fam\u00edlia representa cerca de 5% da popula\u00e7\u00e3o total, e a festa de anivers\u00e1rio da cidade \u00e9 um dos eventos mais esperados do ano \u2014 com direito a bolo para todos os moradores.<\/p>\n\n\n\n<p>Na Rua Rio de Janeiro, no bairro S\u00e3o Geraldo, h\u00e1 apenas uma resid\u00eancia. J\u00e1 no centro, a internet \u00e9 gratuita e dispon\u00edvel para toda a popula\u00e7\u00e3o. A criminalidade praticamente n\u00e3o existe: o \u00faltimo homic\u00eddio registrado aconteceu h\u00e1 mais de 50 anos.<\/p>\n\n\n\n<h3 class=\"wp-block-heading\">Estrutura e cotidiano<\/h3>\n\n\n\n<p>Com 335 quil\u00f4metros quadrados de \u00e1rea, Serra da Saudade tem dimens\u00f5es semelhantes \u00e0s de Belo Horizonte, embora conte com apenas dois bairros \u2014 Centro e S\u00e3o Geraldo. A cidade disp\u00f5e de um posto de sa\u00fade, dois supermercados, uma padaria, uma casa lot\u00e9rica e sete bares.<\/p>\n\n\n\n<p>Como n\u00e3o h\u00e1 posto de combust\u00edveis, os moradores aproveitam viagens \u00e0s cidades vizinhas, como Dores do Indai\u00e1, para abastecer. Alaor Machado, atual prefeito, est\u00e1 em seu quinto mandato, e alguns secret\u00e1rios municipais permanecem nos cargos h\u00e1 quase 20 anos \u2014 reflexo da estabilidade e do ritmo tranquilo que definem a rotina da menor cidade do pa\u00eds.<\/p>\n","protected":false},"excerpt":{"rendered":"<p>Conhecida por ser a cidade menos populosa do Brasil, Serra da Saudade, em Minas Gerais, voltou a registrar uma leve queda no n\u00famero de habitantes. Segundo dados do Cart\u00f3rio de Registro Civil e Notas do munic\u00edpio, a popula\u00e7\u00e3o passou de 833 para 831 pessoas entre fevereiro e maio de 2024. Nesse per\u00edodo, foram contabilizados tr\u00eas [&hellip;]<\/p>\n","protected":false},"author":7,"featured_media":7512,"comment_status":"open","ping_status":"open","sticky":false,"template":"","format":"standard","meta":{"jnews-multi-image_gallery":[],"jnews_single_post":{"format":"standard"},"jnews_primary_category":[],"jnews_social_meta":[],"jnews_post_split":[],"footnotes":""},"categories":[1],"tags":[],"class_list":["post-7511","post","type-post","status-publish","format-standard","has-post-thumbnail","hentry","category-uncategorized"],"_links":{"self":[{"href":"https:\/\/diariodepernambuco.audiencelabs.com.br\/wp-json\/wp\/v2\/posts\/7511","targetHints":{"allow":["GET"]}}],"collection":[{"href":"https:\/\/diariodepernambuco.audiencelabs.com.br\/wp-json\/wp\/v2\/posts"}],"about":[{"href":"https:\/\/diariodepernambuco.audiencelabs.com.br\/wp-json\/wp\/v2\/types\/post"}],"author":[{"embeddable":true,"href":"https:\/\/diariodepernambuco.audiencelabs.com.br\/wp-json\/wp\/v2\/users\/7"}],"replies":[{"embeddable":true,"href":"https:\/\/diariodepernambuco.audiencelabs.com.br\/wp-json\/wp\/v2\/comments?post=7511"}],"version-history":[{"count":1,"href":"https:\/\/diariodepernambuco.audiencelabs.com.br\/wp-json\/wp\/v2\/posts\/7511\/revisions"}],"predecessor-version":[{"id":7513,"href":"https:\/\/diariodepernambuco.audiencelabs.com.br\/wp-json\/wp\/v2\/posts\/7511\/revisions\/7513"}],"wp:featuredmedia":[{"embeddable":true,"href":"https:\/\/diariodepernambuco.audiencelabs.com.br\/wp-json\/wp\/v2\/media\/7512"}],"wp:attachment":[{"href":"https:\/\/diariodepernambuco.audiencelabs.com.br\/wp-json\/wp\/v2\/media?parent=7511"}],"wp:term":[{"taxonomy":"category","embeddable":true,"href":"https:\/\/diariodepernambuco.audiencelabs.com.br\/wp-json\/wp\/v2\/categories?post=7511"},{"taxonomy":"post_tag","embeddable":true,"href":"https:\/\/diariodepernambuco.audiencelabs.com.br\/wp-json\/wp\/v2\/tags?post=7511"}],"curies":[{"name":"wp","href":"https:\/\/api.w.org\/{rel}","templated":true}]}}