{"id":7520,"date":"2025-10-30T19:00:00","date_gmt":"2025-10-30T22:00:00","guid":{"rendered":"https:\/\/diariodepernambuco.audiencelabs.com.br\/?p=7520"},"modified":"2025-10-29T15:02:37","modified_gmt":"2025-10-29T18:02:37","slug":"solicitacao-de-saida-de-robinho-da-prisao-foi-confirmada","status":"publish","type":"post","link":"https:\/\/diariodepernambuco.audiencelabs.com.br\/solicitacao-de-saida-de-robinho-da-prisao-foi-confirmada\/","title":{"rendered":"Solicita\u00e7\u00e3o de sa\u00edda de Robinho da pris\u00e3o foi confirmada"},"content":{"rendered":"\n<p>O ex-jogador Robinho, condenado a nove anos de pris\u00e3o por estupro, apresentou um pedido para deixar a Penitenci\u00e1ria II de Trememb\u00e9, no interior de S\u00e3o Paulo, onde cumpre pena h\u00e1 cerca de um ano e meio. A solicita\u00e7\u00e3o foi feita por meio de seu advogado, M\u00e1rio Rossi Vale, e encaminhada \u00e0 ju\u00edza Sueli Zeraik de Oliveira Armani, corregedora dos pres\u00eddios da regi\u00e3o de S\u00e3o Jos\u00e9 dos Campos.<\/p>\n\n\n\n<p>A informa\u00e7\u00e3o foi divulgada pelo jornalista Ullisses Campbell, na coluna True Crime, do jornal O Globo. Ao analisar o requerimento, a magistrada destacou que a decis\u00e3o cabe \u00e0 Secretaria da Administra\u00e7\u00e3o Penitenci\u00e1ria (SAP), \u00f3rg\u00e3o respons\u00e1vel por avaliar pedidos desse tipo.<\/p>\n\n\n\n<p>Mesmo assim, a magistrada destacou que \u201cn\u00e3o se op\u00f5e \u00e0 transfer\u00eancia, desde que sejam respeitados os crit\u00e9rios legais e haja vaga dispon\u00edvel em outra unidade prisional\u201d. O pedido foi feito pouco depois de Robinho ser convocado pela Justi\u00e7a para esclarecer suspeitas de poss\u00edveis privil\u00e9gios dentro da penitenci\u00e1ria.<\/p>\n\n\n\n<p>Durante a audi\u00eancia, o ex-jogador negou ter recebido qualquer tratamento diferenciado, afirmando que \u201ctodos os presos s\u00e3o tratados da mesma forma\u201d. Na solicita\u00e7\u00e3o, a defesa pede que ele seja transferido para um centro de ressocializa\u00e7\u00e3o nas cidades de Limeira, Rio Claro ou Bragan\u00e7a Paulista.<\/p>\n\n\n\n<p>O documento cita o bom comportamento de Robinho, a aus\u00eancia de faltas disciplinares e tamb\u00e9m a possibilidade de que a Penitenci\u00e1ria II seja desativada nos pr\u00f3ximos meses. A unidade onde ele est\u00e1 detido, oficialmente chamada de Penitenci\u00e1ria Dr. Jos\u00e9 Augusto C\u00e9sar Salgado, \u00e9 conhecida por abrigar presos de grande notoriedade.<\/p>\n\n\n\n<h2 class=\"wp-block-heading\">Linha do tempo da pris\u00e3o de Robinho<\/h2>\n\n\n\n<p><strong>2013 \u2013 O crime em Mil\u00e3o (It\u00e1lia)<br><\/strong>\u27a1\ufe0f Robinho e outros cinco brasileiros s\u00e3o acusados de participar de um estupro coletivo contra uma mulher albanesa de 23 anos, em uma boate na cidade italiana.<\/p>\n\n\n\n<p><strong>2014 \u2013 In\u00edcio da investiga\u00e7\u00e3o<br><\/strong>\u27a1\ufe0f As autoridades italianas abrem processo criminal ap\u00f3s reunir depoimentos, mensagens e provas periciais.<\/p>\n\n\n\n<p><strong>2017 \u2013 Condena\u00e7\u00e3o em primeira inst\u00e2ncia<br><\/strong>\u27a1\ufe0f Robinho \u00e9 condenado a nove anos de pris\u00e3o por estupro coletivo pelo Tribunal de Mil\u00e3o. Ele n\u00e3o se apresenta \u00e0 Justi\u00e7a italiana, pois j\u00e1 vivia no Brasil.<\/p>\n\n\n\n<p><strong>2020 \u2013 Condena\u00e7\u00e3o confirmada em segunda inst\u00e2ncia<br><\/strong>\u27a1\ufe0f A Corte de Apela\u00e7\u00e3o de Mil\u00e3o mant\u00e9m a pena de nove anos de pris\u00e3o. O jogador continua em liberdade no Brasil, pois a Constitui\u00e7\u00e3o brasileira pro\u00edbe a extradi\u00e7\u00e3o de cidad\u00e3os natos.<\/p>\n\n\n\n<p><strong>2022 \u2013 Senten\u00e7a definitiva<br><\/strong>\u27a1\ufe0f A Corte de Cassa\u00e7\u00e3o (Suprema Corte da It\u00e1lia) confirma em definitivo a condena\u00e7\u00e3o, encerrando todos os recursos poss\u00edveis no pa\u00eds.<\/p>\n\n\n\n<p><strong>2023 (janeiro) \u2013 Pedido de execu\u00e7\u00e3o no Brasil<br><\/strong>\u27a1\ufe0f O governo italiano solicita ao STJ (Superior Tribunal de Justi\u00e7a) que a pena seja reconhecida e cumprida no Brasil, com base em acordo de coopera\u00e7\u00e3o internacional.<\/p>\n\n\n\n<p><strong>2024 (mar\u00e7o) \u2013 STJ homologa a condena\u00e7\u00e3o<br><\/strong>\u27a1\ufe0f O STJ reconhece a senten\u00e7a italiana, determinando o cumprimento da pena de nove anos em territ\u00f3rio brasileiro.<\/p>\n\n\n\n<p><strong>2024 (mar\u00e7o) \u2013 Pris\u00e3o de Robinho<br><\/strong>\u27a1\ufe0f O ex-jogador se apresenta \u00e0 Pol\u00edcia Federal em Santos (SP) e \u00e9 levado para a Penitenci\u00e1ria II de Trememb\u00e9, no interior de S\u00e3o Paulo \u2014 a mesma onde est\u00e3o outros presos de notoriedade p\u00fablica.<\/p>\n\n\n\n<p><\/p>\n","protected":false},"excerpt":{"rendered":"<p>O ex-jogador Robinho, condenado a nove anos de pris\u00e3o por estupro, apresentou um pedido para deixar a Penitenci\u00e1ria II de Trememb\u00e9, no interior de S\u00e3o Paulo, onde cumpre pena h\u00e1 cerca de um ano e meio. A solicita\u00e7\u00e3o foi feita por meio de seu advogado, M\u00e1rio Rossi Vale, e encaminhada \u00e0 ju\u00edza Sueli Zeraik de [&hellip;]<\/p>\n","protected":false},"author":4,"featured_media":3913,"comment_status":"open","ping_status":"open","sticky":false,"template":"","format":"standard","meta":{"jnews-multi-image_gallery":[],"jnews_single_post":{"format":"standard"},"jnews_primary_category":[],"jnews_social_meta":[],"jnews_post_split":[],"footnotes":""},"categories":[1],"tags":[],"class_list":["post-7520","post","type-post","status-publish","format-standard","has-post-thumbnail","hentry","category-uncategorized"],"_links":{"self":[{"href":"https:\/\/diariodepernambuco.audiencelabs.com.br\/wp-json\/wp\/v2\/posts\/7520","targetHints":{"allow":["GET"]}}],"collection":[{"href":"https:\/\/diariodepernambuco.audiencelabs.com.br\/wp-json\/wp\/v2\/posts"}],"about":[{"href":"https:\/\/diariodepernambuco.audiencelabs.com.br\/wp-json\/wp\/v2\/types\/post"}],"author":[{"embeddable":true,"href":"https:\/\/diariodepernambuco.audiencelabs.com.br\/wp-json\/wp\/v2\/users\/4"}],"replies":[{"embeddable":true,"href":"https:\/\/diariodepernambuco.audiencelabs.com.br\/wp-json\/wp\/v2\/comments?post=7520"}],"version-history":[{"count":2,"href":"https:\/\/diariodepernambuco.audiencelabs.com.br\/wp-json\/wp\/v2\/posts\/7520\/revisions"}],"predecessor-version":[{"id":7523,"href":"https:\/\/diariodepernambuco.audiencelabs.com.br\/wp-json\/wp\/v2\/posts\/7520\/revisions\/7523"}],"wp:featuredmedia":[{"embeddable":true,"href":"https:\/\/diariodepernambuco.audiencelabs.com.br\/wp-json\/wp\/v2\/media\/3913"}],"wp:attachment":[{"href":"https:\/\/diariodepernambuco.audiencelabs.com.br\/wp-json\/wp\/v2\/media?parent=7520"}],"wp:term":[{"taxonomy":"category","embeddable":true,"href":"https:\/\/diariodepernambuco.audiencelabs.com.br\/wp-json\/wp\/v2\/categories?post=7520"},{"taxonomy":"post_tag","embeddable":true,"href":"https:\/\/diariodepernambuco.audiencelabs.com.br\/wp-json\/wp\/v2\/tags?post=7520"}],"curies":[{"name":"wp","href":"https:\/\/api.w.org\/{rel}","templated":true}]}}