{"id":7534,"date":"2025-11-01T20:00:00","date_gmt":"2025-11-01T23:00:00","guid":{"rendered":"https:\/\/diariodepernambuco.audiencelabs.com.br\/?p=7534"},"modified":"2025-10-30T17:43:39","modified_gmt":"2025-10-30T20:43:39","slug":"fim-do-beneficio-estabelece-conta-de-luz-mais-cara-para-brasileiros-especificos","status":"publish","type":"post","link":"https:\/\/diariodepernambuco.audiencelabs.com.br\/fim-do-beneficio-estabelece-conta-de-luz-mais-cara-para-brasileiros-especificos\/","title":{"rendered":"Fim de benef\u00edcio estabelece conta de luz mais cara para brasileiros espec\u00edficos"},"content":{"rendered":"\n<p>O governo brasileiro planeja um corte significativo nos subs\u00eddios para a microgera\u00e7\u00e3o de energia solar, com previs\u00e3o de implementa\u00e7\u00e3o em 2026. A medida pode afetar a estrutura do setor, que atualmente oferece vantagens aos consumidores que utilizam pain\u00e9is solares para gera\u00e7\u00e3o pr\u00f3pria de energia.<\/p>\n\n\n\n<p>A proposta faz parte de um pacote de reformas do setor el\u00e9trico, com o objetivo de eliminar subs\u00eddios considerados pelo governo como obsoletos. Atualmente, os usu\u00e1rios que instalaram sistemas solares at\u00e9 o in\u00edcio de 2023 continuam a usufruir de isen\u00e7\u00f5es relativas ao pagamento pela infraestrutura de distribui\u00e7\u00e3o, benef\u00edcio que dever\u00e1 permanecer vigente at\u00e9 2045.<\/p>\n\n\n\n<p>No entanto, a nova proposta prev\u00ea que todos os consumidores, independentemente da data de instala\u00e7\u00e3o dos sistemas solares, come\u00e7ar\u00e3o a assumir gradualmente esses custos at\u00e9 2029. A mudan\u00e7a pode resultar em contas de luz mais altas para usu\u00e1rios de energia solar, especialmente aqueles que adotaram a tecnologia nos \u00faltimos anos e contavam com os subs\u00eddios como incentivo.<\/p>\n\n\n\n<p>Especialistas alertam que o ajuste gradual at\u00e9 2029 pode reduzir a atratividade financeira da microgera\u00e7\u00e3o, afetando planos de novos investimentos residenciais e comerciais em energia limpa. Por outro lado, o governo defende que a medida busca equilibrar o sistema el\u00e9trico nacional, distribuindo de forma mais justa os custos de manuten\u00e7\u00e3o da rede de distribui\u00e7\u00e3o entre todos os consumidores.<\/p>\n\n\n\n<h2 class=\"wp-block-heading\">Impactos da reforma: contas mais altas e desafios para a expans\u00e3o da energia solar<\/h2>\n\n\n\n<p>O fim gradual dos subs\u00eddios para microgera\u00e7\u00e3o de energia solar deve encarecer as contas de luz de muitos consumidores que investiram na tecnologia nos \u00faltimos anos, diminuindo a atratividade financeira do setor. Especialistas alertam que essa mudan\u00e7a pode frear novos investimentos residenciais e comerciais em energia limpa, retardando a expans\u00e3o da gera\u00e7\u00e3o solar no pa\u00eds.<\/p>\n\n\n\n<p>Ao mesmo tempo, o governo defende que a reforma \u00e9 necess\u00e1ria para garantir o equil\u00edbrio do sistema el\u00e9trico nacional, distribuindo de maneira mais justa os custos de manuten\u00e7\u00e3o da rede de distribui\u00e7\u00e3o. A expectativa \u00e9 que, apesar do impacto sobre consumidores individuais, a medida contribua para a sustentabilidade financeira do setor el\u00e9trico e a seguran\u00e7a do fornecimento de energia no longo prazo.<\/p>\n\n\n\n<p><\/p>\n","protected":false},"excerpt":{"rendered":"<p>O governo brasileiro planeja um corte significativo nos subs\u00eddios para a microgera\u00e7\u00e3o de energia solar, com previs\u00e3o de implementa\u00e7\u00e3o em 2026. A medida pode afetar a estrutura do setor, que atualmente oferece vantagens aos consumidores que utilizam pain\u00e9is solares para gera\u00e7\u00e3o pr\u00f3pria de energia. A proposta faz parte de um pacote de reformas do setor [&hellip;]<\/p>\n","protected":false},"author":4,"featured_media":1631,"comment_status":"open","ping_status":"open","sticky":false,"template":"","format":"standard","meta":{"jnews-multi-image_gallery":[],"jnews_single_post":{"format":"standard"},"jnews_primary_category":[],"jnews_social_meta":[],"jnews_post_split":[],"footnotes":""},"categories":[1],"tags":[],"class_list":["post-7534","post","type-post","status-publish","format-standard","has-post-thumbnail","hentry","category-uncategorized"],"_links":{"self":[{"href":"https:\/\/diariodepernambuco.audiencelabs.com.br\/wp-json\/wp\/v2\/posts\/7534","targetHints":{"allow":["GET"]}}],"collection":[{"href":"https:\/\/diariodepernambuco.audiencelabs.com.br\/wp-json\/wp\/v2\/posts"}],"about":[{"href":"https:\/\/diariodepernambuco.audiencelabs.com.br\/wp-json\/wp\/v2\/types\/post"}],"author":[{"embeddable":true,"href":"https:\/\/diariodepernambuco.audiencelabs.com.br\/wp-json\/wp\/v2\/users\/4"}],"replies":[{"embeddable":true,"href":"https:\/\/diariodepernambuco.audiencelabs.com.br\/wp-json\/wp\/v2\/comments?post=7534"}],"version-history":[{"count":3,"href":"https:\/\/diariodepernambuco.audiencelabs.com.br\/wp-json\/wp\/v2\/posts\/7534\/revisions"}],"predecessor-version":[{"id":7711,"href":"https:\/\/diariodepernambuco.audiencelabs.com.br\/wp-json\/wp\/v2\/posts\/7534\/revisions\/7711"}],"wp:featuredmedia":[{"embeddable":true,"href":"https:\/\/diariodepernambuco.audiencelabs.com.br\/wp-json\/wp\/v2\/media\/1631"}],"wp:attachment":[{"href":"https:\/\/diariodepernambuco.audiencelabs.com.br\/wp-json\/wp\/v2\/media?parent=7534"}],"wp:term":[{"taxonomy":"category","embeddable":true,"href":"https:\/\/diariodepernambuco.audiencelabs.com.br\/wp-json\/wp\/v2\/categories?post=7534"},{"taxonomy":"post_tag","embeddable":true,"href":"https:\/\/diariodepernambuco.audiencelabs.com.br\/wp-json\/wp\/v2\/tags?post=7534"}],"curies":[{"name":"wp","href":"https:\/\/api.w.org\/{rel}","templated":true}]}}