{"id":7545,"date":"2025-11-01T21:00:00","date_gmt":"2025-11-02T00:00:00","guid":{"rendered":"https:\/\/diariodepernambuco.audiencelabs.com.br\/?p=7545"},"modified":"2025-10-29T16:16:56","modified_gmt":"2025-10-29T19:16:56","slug":"funcionarios-beberam-refrigerantes-adulterados-e-foram-parar-no-hospital","status":"publish","type":"post","link":"https:\/\/diariodepernambuco.audiencelabs.com.br\/funcionarios-beberam-refrigerantes-adulterados-e-foram-parar-no-hospital\/","title":{"rendered":"Funcion\u00e1rios beberam refrigerantes adulterados e foram parar no hospital"},"content":{"rendered":"\n<p>Doze funcion\u00e1rios de um posto de sa\u00fade em Santa Cec\u00edlia (SC) passaram mal ap\u00f3s ingerir um refrigerante adulterado, epis\u00f3dio que resultou em duas pris\u00f5es e na abertura de um inqu\u00e9rito pela Pol\u00edcia Civil. O caso ocorre em meio a investiga\u00e7\u00f5es no Brasil sobre intoxica\u00e7\u00f5es causadas por bebidas alco\u00f3licas adulteradas com metanol.<\/p>\n\n\n\n<p>Em S\u00e3o Paulo, o governador Tarc\u00edsio de Freitas chegou a declarar que ficaria preocupado \u201cno dia em que come\u00e7arem a falsificar Coca-Cola\u201d, fala pela qual posteriormente se desculpou. O incidente em Santa Cec\u00edlia aconteceu em 21 de outubro, durante um caf\u00e9 da tarde na unidade de sa\u00fade.<\/p>\n\n\n\n<p>As v\u00edtimas \u2014 entre m\u00e9dicos, enfermeiros, t\u00e9cnicos e recepcionistas \u2014 relataram tontura, sonol\u00eancia, n\u00e1usea, lapsos de mem\u00f3ria e sensa\u00e7\u00e3o de peso na cabe\u00e7a. A Pol\u00edcia Civil prendeu duas pessoas suspeitas de envolvimento no caso: uma mulher e seu sobrinho, que trabalhava no posto e foi afastado ap\u00f3s den\u00fancias de ass\u00e9dio sexual contra colegas.<\/p>\n\n\n\n<p>Segundo a investiga\u00e7\u00e3o, a mulher levou o refrigerante em uma garrafa de dois litros, que foi consumido por todos os funcion\u00e1rios afetados. As pris\u00f5es aconteceram na quinta-feira (23) da semana passada, ap\u00f3s a an\u00e1lise de imagens de c\u00e2meras de seguran\u00e7a. A pol\u00edcia tamb\u00e9m cumpriu mandados de busca e apreens\u00e3o em im\u00f3veis relacionados aos suspeitos.<\/p>\n\n\n\n<p>Em nota, a Secretaria de Sa\u00fade de Santa Cec\u00edlia informou que v\u00e1rios funcion\u00e1rios n\u00e3o se recordam do que ocorreu ap\u00f3s o caf\u00e9, apresentando sintomas como tontura, v\u00f4mitos e dificuldade para falar. Um dos t\u00e9cnicos de enfermagem, que tamb\u00e9m exerce o cargo de vereador na cidade, precisou ser transferido para outro hospital devido ao agravamento do seu estado de sa\u00fade.<\/p>\n\n\n\n<h2 class=\"wp-block-heading\">Exames deram resultados inconclusivos<\/h2>\n\n\n\n<p>Um laudo preliminar do CIATox-SC (Centro de Informa\u00e7\u00e3o e Assist\u00eancia Toxicol\u00f3gica de Santa Catarina) n\u00e3o identificou a presen\u00e7a de drogas de abuso nas amostras biol\u00f3gicas das v\u00edtimas.<\/p>\n\n\n\n<p>O \u00f3rg\u00e3o, entretanto, n\u00e3o informou quais subst\u00e2ncias foram examinadas. A Pol\u00edcia Cient\u00edfica continua a analisar o refrigerante e os alimentos consumidos, e o laudo t\u00e9cnico definitivo ainda n\u00e3o foi divulgado.<\/p>\n\n\n\n<p><\/p>\n","protected":false},"excerpt":{"rendered":"<p>Doze funcion\u00e1rios de um posto de sa\u00fade em Santa Cec\u00edlia (SC) passaram mal ap\u00f3s ingerir um refrigerante adulterado, epis\u00f3dio que resultou em duas pris\u00f5es e na abertura de um inqu\u00e9rito pela Pol\u00edcia Civil. O caso ocorre em meio a investiga\u00e7\u00f5es no Brasil sobre intoxica\u00e7\u00f5es causadas por bebidas alco\u00f3licas adulteradas com metanol. Em S\u00e3o Paulo, o [&hellip;]<\/p>\n","protected":false},"author":4,"featured_media":7548,"comment_status":"open","ping_status":"open","sticky":false,"template":"","format":"standard","meta":{"jnews-multi-image_gallery":[],"jnews_single_post":{"format":"standard"},"jnews_primary_category":[],"jnews_social_meta":[],"jnews_post_split":[],"footnotes":""},"categories":[1],"tags":[],"class_list":["post-7545","post","type-post","status-publish","format-standard","has-post-thumbnail","hentry","category-uncategorized"],"_links":{"self":[{"href":"https:\/\/diariodepernambuco.audiencelabs.com.br\/wp-json\/wp\/v2\/posts\/7545","targetHints":{"allow":["GET"]}}],"collection":[{"href":"https:\/\/diariodepernambuco.audiencelabs.com.br\/wp-json\/wp\/v2\/posts"}],"about":[{"href":"https:\/\/diariodepernambuco.audiencelabs.com.br\/wp-json\/wp\/v2\/types\/post"}],"author":[{"embeddable":true,"href":"https:\/\/diariodepernambuco.audiencelabs.com.br\/wp-json\/wp\/v2\/users\/4"}],"replies":[{"embeddable":true,"href":"https:\/\/diariodepernambuco.audiencelabs.com.br\/wp-json\/wp\/v2\/comments?post=7545"}],"version-history":[{"count":2,"href":"https:\/\/diariodepernambuco.audiencelabs.com.br\/wp-json\/wp\/v2\/posts\/7545\/revisions"}],"predecessor-version":[{"id":7549,"href":"https:\/\/diariodepernambuco.audiencelabs.com.br\/wp-json\/wp\/v2\/posts\/7545\/revisions\/7549"}],"wp:featuredmedia":[{"embeddable":true,"href":"https:\/\/diariodepernambuco.audiencelabs.com.br\/wp-json\/wp\/v2\/media\/7548"}],"wp:attachment":[{"href":"https:\/\/diariodepernambuco.audiencelabs.com.br\/wp-json\/wp\/v2\/media?parent=7545"}],"wp:term":[{"taxonomy":"category","embeddable":true,"href":"https:\/\/diariodepernambuco.audiencelabs.com.br\/wp-json\/wp\/v2\/categories?post=7545"},{"taxonomy":"post_tag","embeddable":true,"href":"https:\/\/diariodepernambuco.audiencelabs.com.br\/wp-json\/wp\/v2\/tags?post=7545"}],"curies":[{"name":"wp","href":"https:\/\/api.w.org\/{rel}","templated":true}]}}