{"id":7584,"date":"2025-10-30T19:45:00","date_gmt":"2025-10-30T22:45:00","guid":{"rendered":"https:\/\/diariodepernambuco.audiencelabs.com.br\/?p=7584"},"modified":"2025-10-31T12:32:13","modified_gmt":"2025-10-31T15:32:13","slug":"cidade-do-interior-brasileiro-tem-mais-jacares-do-que-gente-e-eles-andam-soltos","status":"publish","type":"post","link":"https:\/\/diariodepernambuco.audiencelabs.com.br\/cidade-do-interior-brasileiro-tem-mais-jacares-do-que-gente-e-eles-andam-soltos\/","title":{"rendered":"Cidade do interior brasileiro tem mais jacar\u00e9s do que gente e eles andam soltos"},"content":{"rendered":"\n<p>Corumb\u00e1, no Mato Grosso do Sul, \u00e9 uma das principais portas de entrada do Pantanal brasileiro, bioma que abriga a maior popula\u00e7\u00e3o de jacar\u00e9s do mundo, com estimativas que estipulam milh\u00f5es de r\u00e9pteis entre os indiv\u00edduos. No entanto, ao contr\u00e1rio do que muitos imaginam, esses animais n\u00e3o fazem parte da rotina urbana da cidade.<\/p>\n\n\n\n<p>A vasta extens\u00e3o do munic\u00edpio, com mais de 64 mil quil\u00f4metros quadrados, \u00e9 composta em grande parte por \u00e1reas alagadas e de vegeta\u00e7\u00e3o nativa, onde os jacar\u00e9s encontram as condi\u00e7\u00f5es ideais para viver. \u00c9 nessas regi\u00f5es, afastadas do centro urbano, que se concentram milh\u00f5es desses r\u00e9pteis, fundamentais para o equil\u00edbrio ecol\u00f3gico do Pantanal.<\/p>\n\n\n\n<p>Durante o per\u00edodo das cheias, entre novembro e mar\u00e7o, \u00e9 comum que rios e lagoas se interliguem, ampliando o territ\u00f3rio aqu\u00e1tico e facilitando o deslocamento dos animais. Mesmo assim, a presen\u00e7a de jacar\u00e9s nas \u00e1reas urbanas de Corumb\u00e1 \u00e9 extremamente rara. Eles permanecem nas margens dos rios, nas ba\u00edas e nas \u00e1reas de vegeta\u00e7\u00e3o, onde encontram alimento e abrigo natural.<\/p>\n\n\n\n<p>De acordo com bi\u00f3logos e pesquisadores, os jacar\u00e9s-do-pantanal desempenham um papel essencial no ecossistema, controlando popula\u00e7\u00f5es de peixes e pequenos mam\u00edferos. Apesar da apar\u00eancia imponente, s\u00e3o animais pac\u00edficos e evitam o contato com humanos, tornando-se agressivos apenas quando se sentem amea\u00e7ados.<\/p>\n\n\n\n<p>Com cerca de 96 mil habitantes, Corumb\u00e1 mant\u00e9m uma rela\u00e7\u00e3o pr\u00f3xima com a natureza pantaneira, mas de forma equilibrada e respeitosa. A ideia de que jacar\u00e9s circulam livremente pelas ruas da cidade \u00e9 um equ\u00edvoco. O que existe, na realidade, \u00e9 uma conviv\u00eancia harmoniosa entre a popula\u00e7\u00e3o e a vida selvagem que habita os arredores, um retrato aut\u00eantico do cora\u00e7\u00e3o do Pantanal.<\/p>\n\n\n\n<h3 class=\"wp-block-heading\"><\/h3>\n\n\n\n<p><\/p>\n\n\n\n<p><\/p>\n","protected":false},"excerpt":{"rendered":"<p>Corumb\u00e1, no Mato Grosso do Sul, \u00e9 uma das principais portas de entrada do Pantanal brasileiro, bioma que abriga a maior popula\u00e7\u00e3o de jacar\u00e9s do mundo, com estimativas que estipulam milh\u00f5es de r\u00e9pteis entre os indiv\u00edduos. No entanto, ao contr\u00e1rio do que muitos imaginam, esses animais n\u00e3o fazem parte da rotina urbana da cidade. A [&hellip;]<\/p>\n","protected":false},"author":1,"featured_media":7773,"comment_status":"open","ping_status":"open","sticky":false,"template":"","format":"standard","meta":{"jnews-multi-image_gallery":[],"jnews_single_post":{"format":"standard"},"jnews_primary_category":[],"jnews_social_meta":[],"jnews_post_split":[],"footnotes":""},"categories":[1],"tags":[],"class_list":["post-7584","post","type-post","status-publish","format-standard","has-post-thumbnail","hentry","category-uncategorized"],"_links":{"self":[{"href":"https:\/\/diariodepernambuco.audiencelabs.com.br\/wp-json\/wp\/v2\/posts\/7584","targetHints":{"allow":["GET"]}}],"collection":[{"href":"https:\/\/diariodepernambuco.audiencelabs.com.br\/wp-json\/wp\/v2\/posts"}],"about":[{"href":"https:\/\/diariodepernambuco.audiencelabs.com.br\/wp-json\/wp\/v2\/types\/post"}],"author":[{"embeddable":true,"href":"https:\/\/diariodepernambuco.audiencelabs.com.br\/wp-json\/wp\/v2\/users\/1"}],"replies":[{"embeddable":true,"href":"https:\/\/diariodepernambuco.audiencelabs.com.br\/wp-json\/wp\/v2\/comments?post=7584"}],"version-history":[{"count":3,"href":"https:\/\/diariodepernambuco.audiencelabs.com.br\/wp-json\/wp\/v2\/posts\/7584\/revisions"}],"predecessor-version":[{"id":7863,"href":"https:\/\/diariodepernambuco.audiencelabs.com.br\/wp-json\/wp\/v2\/posts\/7584\/revisions\/7863"}],"wp:featuredmedia":[{"embeddable":true,"href":"https:\/\/diariodepernambuco.audiencelabs.com.br\/wp-json\/wp\/v2\/media\/7773"}],"wp:attachment":[{"href":"https:\/\/diariodepernambuco.audiencelabs.com.br\/wp-json\/wp\/v2\/media?parent=7584"}],"wp:term":[{"taxonomy":"category","embeddable":true,"href":"https:\/\/diariodepernambuco.audiencelabs.com.br\/wp-json\/wp\/v2\/categories?post=7584"},{"taxonomy":"post_tag","embeddable":true,"href":"https:\/\/diariodepernambuco.audiencelabs.com.br\/wp-json\/wp\/v2\/tags?post=7584"}],"curies":[{"name":"wp","href":"https:\/\/api.w.org\/{rel}","templated":true}]}}