{"id":7666,"date":"2025-10-31T19:00:00","date_gmt":"2025-10-31T22:00:00","guid":{"rendered":"https:\/\/diariodepernambuco.audiencelabs.com.br\/?p=7666"},"modified":"2025-10-30T14:53:26","modified_gmt":"2025-10-30T17:53:26","slug":"motivo-do-fim-da-banda-ramones-finalmente-foi-revelado","status":"publish","type":"post","link":"https:\/\/diariodepernambuco.audiencelabs.com.br\/motivo-do-fim-da-banda-ramones-finalmente-foi-revelado\/","title":{"rendered":"Motivo do fim da banda Ramones finalmente foi revelado"},"content":{"rendered":"\n<p>A lend\u00e1ria banda Ramones encerrou sua carreira em 1996, ap\u00f3s 22 anos de estrada, mais de 2000 shows e uma influ\u00eancia monumental no mundo do punk rock. O fim do grupo, marcado por turn\u00eas exaustivas, conflitos internos e desgaste criativo, revela que os bastidores eram mais complexos do que um apenas \u201cera hora de acabar\u201d.<\/p>\n\n\n\n<p>De acordo com relatos de integrantes e pessoas pr\u00f3ximas \u00e0 banda, o desgaste f\u00edsico e emocional causado pelas intensas turn\u00eas foi um dos principais fatores para a decis\u00e3o de encerrar as atividades. Al\u00e9m disso, diverg\u00eancias criativas e dificuldades financeiras tamb\u00e9m contribu\u00edram para o desgaste do grupo, tornando cada vez mais dif\u00edcil manter a mesma energia e coes\u00e3o que caracterizaram os Ramones.<\/p>\n\n\n\n<p>As brigas internas tamb\u00e9m foram determinantes para o fim da banda. Conflitos frequentes surgiam por quest\u00f5es criativas, decis\u00f5es sobre repert\u00f3rio, dire\u00e7\u00e3o art\u00edstica e at\u00e9 mesmo sobre a gest\u00e3o financeira do grupo. Joey Ramone, Johnny Ramone e os demais membros muitas vezes entravam em atritos acalorados nos bastidores, o que tornou a conviv\u00eancia cada vez mais dif\u00edcil.<\/p>\n\n\n\n<p>Outro ponto importante foi a evolu\u00e7\u00e3o do cen\u00e1rio musical, que exigia adapta\u00e7\u00e3o constante e pressionava os membros a inovar sem perder a identidade punk que os tornou famosos. Esses fatores combinados acabaram levando \u00e0 decis\u00e3o coletiva de colocar um ponto final na carreira, deixando um legado que permanece influente at\u00e9 hoje.<\/p>\n\n\n\n<h2 class=\"wp-block-heading\">Legado e impacto duradouro dos Ramones<\/h2>\n\n\n\n<p>Apesar dos conflitos internos, do desgaste das turn\u00eas e das press\u00f5es externas, os Ramones conseguiram deixar uma marca imortal no punk rock mundial. Suas m\u00fasicas, estilo \u00fanico e atitude rebelde influenciaram gera\u00e7\u00f5es de m\u00fasicos e continuam a inspirar f\u00e3s em todo o mundo, mantendo viva a ess\u00eancia da banda mesmo ap\u00f3s o fim de suas atividades.<\/p>\n\n\n\n<p>O encerramento da carreira, embora dif\u00edcil para os integrantes, n\u00e3o diminuiu a import\u00e2ncia do grupo na hist\u00f3ria da m\u00fasica. O legado dos Ramones vai al\u00e9m das brigas e desafios internos: ele \u00e9 celebrado pela energia inconfund\u00edvel dos shows, pela originalidade das composi\u00e7\u00f5es e pelo impacto cultural que transformou a cena do rock para sempre.<\/p>\n\n\n\n<p><\/p>\n","protected":false},"excerpt":{"rendered":"<p>A lend\u00e1ria banda Ramones encerrou sua carreira em 1996, ap\u00f3s 22 anos de estrada, mais de 2000 shows e uma influ\u00eancia monumental no mundo do punk rock. O fim do grupo, marcado por turn\u00eas exaustivas, conflitos internos e desgaste criativo, revela que os bastidores eram mais complexos do que um apenas \u201cera hora de acabar\u201d. [&hellip;]<\/p>\n","protected":false},"author":4,"featured_media":7668,"comment_status":"open","ping_status":"open","sticky":false,"template":"","format":"standard","meta":{"jnews-multi-image_gallery":[],"jnews_single_post":[],"jnews_primary_category":[],"jnews_social_meta":[],"jnews_post_split":[],"footnotes":""},"categories":[1],"tags":[],"class_list":["post-7666","post","type-post","status-publish","format-standard","has-post-thumbnail","hentry","category-uncategorized"],"_links":{"self":[{"href":"https:\/\/diariodepernambuco.audiencelabs.com.br\/wp-json\/wp\/v2\/posts\/7666","targetHints":{"allow":["GET"]}}],"collection":[{"href":"https:\/\/diariodepernambuco.audiencelabs.com.br\/wp-json\/wp\/v2\/posts"}],"about":[{"href":"https:\/\/diariodepernambuco.audiencelabs.com.br\/wp-json\/wp\/v2\/types\/post"}],"author":[{"embeddable":true,"href":"https:\/\/diariodepernambuco.audiencelabs.com.br\/wp-json\/wp\/v2\/users\/4"}],"replies":[{"embeddable":true,"href":"https:\/\/diariodepernambuco.audiencelabs.com.br\/wp-json\/wp\/v2\/comments?post=7666"}],"version-history":[{"count":2,"href":"https:\/\/diariodepernambuco.audiencelabs.com.br\/wp-json\/wp\/v2\/posts\/7666\/revisions"}],"predecessor-version":[{"id":7670,"href":"https:\/\/diariodepernambuco.audiencelabs.com.br\/wp-json\/wp\/v2\/posts\/7666\/revisions\/7670"}],"wp:featuredmedia":[{"embeddable":true,"href":"https:\/\/diariodepernambuco.audiencelabs.com.br\/wp-json\/wp\/v2\/media\/7668"}],"wp:attachment":[{"href":"https:\/\/diariodepernambuco.audiencelabs.com.br\/wp-json\/wp\/v2\/media?parent=7666"}],"wp:term":[{"taxonomy":"category","embeddable":true,"href":"https:\/\/diariodepernambuco.audiencelabs.com.br\/wp-json\/wp\/v2\/categories?post=7666"},{"taxonomy":"post_tag","embeddable":true,"href":"https:\/\/diariodepernambuco.audiencelabs.com.br\/wp-json\/wp\/v2\/tags?post=7666"}],"curies":[{"name":"wp","href":"https:\/\/api.w.org\/{rel}","templated":true}]}}