{"id":7684,"date":"2025-11-01T18:30:00","date_gmt":"2025-11-01T21:30:00","guid":{"rendered":"https:\/\/diariodepernambuco.audiencelabs.com.br\/?p=7684"},"modified":"2025-10-30T15:14:32","modified_gmt":"2025-10-30T18:14:32","slug":"produza-logo-sua-identidade-ou-voce-vai-ser-proibido-de-andar-neste-pais","status":"publish","type":"post","link":"https:\/\/diariodepernambuco.audiencelabs.com.br\/produza-logo-sua-identidade-ou-voce-vai-ser-proibido-de-andar-neste-pais\/","title":{"rendered":"Produza logo sua identidade ou voc\u00ea vai ser proibido de andar neste pa\u00eds"},"content":{"rendered":"\n<p>Voc\u00ea sabia que ir para a Argentina com o documento errado pode impedir sua entrada no pa\u00eds? Mesmo estando a poucos quil\u00f4metros de dist\u00e2ncia, os requisitos de viagem mudaram e exigem aten\u00e7\u00e3o redobrada: para brasileiros, levar apenas a carteira de motorista ou a identidade vencida n\u00e3o \u00e9 suficiente.<\/p>\n\n\n\n<p>Antes de arrumar as malas, confira se seu RG atende aos novos crit\u00e9rios \u2014 caso contr\u00e1rio, voc\u00ea pode ser barrado na fronteira ou at\u00e9 mesmo ser impedido de viajar no aeroporto. O documento precisa estar em bom estado de conserva\u00e7\u00e3o, com foto reconhec\u00edvel e dentro da validade.<\/p>\n\n\n\n<p>A Argentina n\u00e3o aceita RG rasgado, amassado ou ileg\u00edvel, e tamb\u00e9m exige que ele tenha sido emitido h\u00e1 menos de 10 anos. Al\u00e9m disso, \u00e9 importante lembrar que crian\u00e7as e adolescentes devem portar a identidade pr\u00f3pria, e n\u00e3o apenas a certid\u00e3o de nascimento, para garantir a entrada sem problemas.<\/p>\n\n\n\n<p>Para evitar contratempos, recomenda-se verificar a situa\u00e7\u00e3o do RG com anteced\u00eancia e, se necess\u00e1rio, providenciar a emiss\u00e3o de uma nova via junto aos \u00f3rg\u00e3os competentes. Assim, voc\u00ea garante uma viagem tranquila e evita surpresas desagrad\u00e1veis na fronteira.<\/p>\n\n\n\n<h2 class=\"wp-block-heading\">Cuidados essenciais para viajar sem imprevistos<\/h2>\n\n\n\n<p>Garantir que seu documento esteja em dia \u00e9 mais do que uma formalidade: \u00e9 uma exig\u00eancia legal que pode determinar se voc\u00ea entrar\u00e1 no pa\u00eds ou ter\u00e1 sua viagem interrompida. Verificar a validade do RG, o estado de conserva\u00e7\u00e3o e a legibilidade da foto s\u00e3o passos fundamentais para evitar problemas na fronteira ou no embarque.<\/p>\n\n\n\n<p>Al\u00e9m disso, planejar com anteced\u00eancia e emitir uma nova via do documento, se necess\u00e1rio, oferece tranquilidade e seguran\u00e7a durante a viagem. Estar atento a esses detalhes simples, mas essenciais, permite que voc\u00ea aproveite sua estadia na Argentina sem imprevistos, garantindo que toda a experi\u00eancia seja positiva e sem complica\u00e7\u00f5es burocr\u00e1ticas.<\/p>\n\n\n\n<p><\/p>\n","protected":false},"excerpt":{"rendered":"<p>Voc\u00ea sabia que ir para a Argentina com o documento errado pode impedir sua entrada no pa\u00eds? Mesmo estando a poucos quil\u00f4metros de dist\u00e2ncia, os requisitos de viagem mudaram e exigem aten\u00e7\u00e3o redobrada: para brasileiros, levar apenas a carteira de motorista ou a identidade vencida n\u00e3o \u00e9 suficiente. Antes de arrumar as malas, confira se [&hellip;]<\/p>\n","protected":false},"author":4,"featured_media":7685,"comment_status":"open","ping_status":"open","sticky":false,"template":"","format":"standard","meta":{"jnews-multi-image_gallery":[],"jnews_single_post":{"format":"standard"},"jnews_primary_category":[],"jnews_social_meta":[],"jnews_post_split":[],"footnotes":""},"categories":[1],"tags":[],"class_list":["post-7684","post","type-post","status-publish","format-standard","has-post-thumbnail","hentry","category-uncategorized"],"_links":{"self":[{"href":"https:\/\/diariodepernambuco.audiencelabs.com.br\/wp-json\/wp\/v2\/posts\/7684","targetHints":{"allow":["GET"]}}],"collection":[{"href":"https:\/\/diariodepernambuco.audiencelabs.com.br\/wp-json\/wp\/v2\/posts"}],"about":[{"href":"https:\/\/diariodepernambuco.audiencelabs.com.br\/wp-json\/wp\/v2\/types\/post"}],"author":[{"embeddable":true,"href":"https:\/\/diariodepernambuco.audiencelabs.com.br\/wp-json\/wp\/v2\/users\/4"}],"replies":[{"embeddable":true,"href":"https:\/\/diariodepernambuco.audiencelabs.com.br\/wp-json\/wp\/v2\/comments?post=7684"}],"version-history":[{"count":2,"href":"https:\/\/diariodepernambuco.audiencelabs.com.br\/wp-json\/wp\/v2\/posts\/7684\/revisions"}],"predecessor-version":[{"id":7688,"href":"https:\/\/diariodepernambuco.audiencelabs.com.br\/wp-json\/wp\/v2\/posts\/7684\/revisions\/7688"}],"wp:featuredmedia":[{"embeddable":true,"href":"https:\/\/diariodepernambuco.audiencelabs.com.br\/wp-json\/wp\/v2\/media\/7685"}],"wp:attachment":[{"href":"https:\/\/diariodepernambuco.audiencelabs.com.br\/wp-json\/wp\/v2\/media?parent=7684"}],"wp:term":[{"taxonomy":"category","embeddable":true,"href":"https:\/\/diariodepernambuco.audiencelabs.com.br\/wp-json\/wp\/v2\/categories?post=7684"},{"taxonomy":"post_tag","embeddable":true,"href":"https:\/\/diariodepernambuco.audiencelabs.com.br\/wp-json\/wp\/v2\/tags?post=7684"}],"curies":[{"name":"wp","href":"https:\/\/api.w.org\/{rel}","templated":true}]}}