{"id":7732,"date":"2025-11-02T14:00:00","date_gmt":"2025-11-02T17:00:00","guid":{"rendered":"https:\/\/diariodepernambuco.audiencelabs.com.br\/?p=7732"},"modified":"2025-10-30T19:28:11","modified_gmt":"2025-10-30T22:28:11","slug":"depois-de-duas-decadas-ave-mais-poderosa-da-america-do-sul-e-registrada-novamente","status":"publish","type":"post","link":"https:\/\/diariodepernambuco.audiencelabs.com.br\/depois-de-duas-decadas-ave-mais-poderosa-da-america-do-sul-e-registrada-novamente\/","title":{"rendered":"Depois de duas d\u00e9cadas, ave mais poderosa da Am\u00e9rica do Sul \u00e9 registrada novamente"},"content":{"rendered":"\n<p>Um importante avan\u00e7o para a conserva\u00e7\u00e3o da fauna sul-americana foi registrado com o avistamento recente de um jovem gavi\u00e3o-real na selva misioneira, na Argentina. O epis\u00f3dio tem grande relev\u00e2ncia, j\u00e1 que essa \u00e9 uma das aves de rapina mais imponentes e raras do continente, conhecida por sua for\u00e7a e por se alimentar principalmente de mam\u00edferos.<\/p>\n\n\n\n<p>O registro ganha ainda mais destaque porque n\u00e3o havia relatos da esp\u00e9cie na regi\u00e3o h\u00e1 mais de 20 anos. A reapari\u00e7\u00e3o do gavi\u00e3o-real refor\u00e7a a necessidade de proteger a biodiversidade local e serve como um sinal positivo da recupera\u00e7\u00e3o e equil\u00edbrio ambiental do ecossistema.<\/p>\n\n\n\n<p>O registro fotogr\u00e1fico refor\u00e7a a urg\u00eancia de preservar os ambientes naturais para garantir a sobreviv\u00eancia n\u00e3o apenas do gavi\u00e3o-real, mas tamb\u00e9m de in\u00fameras outras esp\u00e9cies que compartilham o mesmo habitat. Esse avistamento simb\u00f3lico serve como um poderoso lembrete da import\u00e2ncia da conserva\u00e7\u00e3o ambiental em meio ao aumento das amea\u00e7as \u00e0 biodiversidade.<\/p>\n\n\n\n<p>O registro do jovem gavi\u00e3o-real, feito por Manuel Encabo e Sergio Moya, n\u00e3o aconteceu por acaso, mas sim como resultado de mais de duas d\u00e9cadas de pesquisa dedicada. Ao longo desse tempo, os especialistas percorreram reservas naturais em Misiones e outras prov\u00edncias argentinas, com o objetivo de localizar e documentar aves de rapina raras.<\/p>\n\n\n\n<h2 class=\"wp-block-heading\">Curiosidades sobre o gavi\u00e3o-real (Harpia harpyja)<\/h2>\n\n\n\n<ul class=\"wp-block-list\">\n<li>Uma das maiores aves de rapina do mundo: Pode atingir at\u00e9 1 metro de altura, com envergadura de asas de 2 metros ou mais.<\/li>\n<\/ul>\n\n\n\n<ul class=\"wp-block-list\">\n<li>For\u00e7a impressionante: Suas garras podem ter at\u00e9 13 cent\u00edmetros, maiores que as garras de um urso pardo, capazes de capturar presas como macacos e pregui\u00e7as.<\/li>\n<\/ul>\n\n\n\n<ul class=\"wp-block-list\">\n<li>Habitat: Vive principalmente em florestas tropicais da Am\u00e9rica Central e do Sul, incluindo Amaz\u00f4nia e Mata Atl\u00e2ntica.<\/li>\n<\/ul>\n\n\n\n<ul class=\"wp-block-list\">\n<li>Ca\u00e7a e alimenta\u00e7\u00e3o: \u00c9 um predador de topo, alimentando-se de mam\u00edferos, aves e, ocasionalmente, r\u00e9pteis.<\/li>\n<\/ul>\n\n\n\n<ul class=\"wp-block-list\">\n<li>Vis\u00e3o e audi\u00e7\u00e3o agu\u00e7adas: Possui sentidos altamente desenvolvidos para localizar presas mesmo em meio \u00e0 densa vegeta\u00e7\u00e3o da floresta.<\/li>\n<\/ul>\n\n\n\n<ul class=\"wp-block-list\">\n<li>S\u00edmbolo cultural: \u00c9 uma ave ic\u00f4nica em v\u00e1rias culturas ind\u00edgenas da Am\u00e9rica do Sul e inspirou o nome da equipe de futebol brasileira \u201cClube Atl\u00e9tico Harpia\u201d.<\/li>\n<\/ul>\n\n\n\n<ul class=\"wp-block-list\">\n<li>Popula\u00e7\u00e3o amea\u00e7ada: Est\u00e1 classificada como vulner\u00e1vel devido \u00e0 destrui\u00e7\u00e3o de florestas e \u00e0 ca\u00e7a, tornando registros como o recente em Misiones extremamente raros.<\/li>\n<\/ul>\n\n\n\n<ul class=\"wp-block-list\">\n<li>Reprodu\u00e7\u00e3o: Faz ninhos em \u00e1rvores altas, geralmente a mais de 30 metros do solo, e costuma ter apenas dois filhotes por vez, dos quais muitas vezes apenas um sobrevive.<\/li>\n<\/ul>\n\n\n\n<p><\/p>\n","protected":false},"excerpt":{"rendered":"<p>Um importante avan\u00e7o para a conserva\u00e7\u00e3o da fauna sul-americana foi registrado com o avistamento recente de um jovem gavi\u00e3o-real na selva misioneira, na Argentina. O epis\u00f3dio tem grande relev\u00e2ncia, j\u00e1 que essa \u00e9 uma das aves de rapina mais imponentes e raras do continente, conhecida por sua for\u00e7a e por se alimentar principalmente de mam\u00edferos. [&hellip;]<\/p>\n","protected":false},"author":4,"featured_media":7734,"comment_status":"open","ping_status":"open","sticky":false,"template":"","format":"standard","meta":{"jnews-multi-image_gallery":[],"jnews_single_post":{"format":"standard"},"jnews_primary_category":[],"jnews_social_meta":[],"jnews_post_split":[],"footnotes":""},"categories":[1],"tags":[],"class_list":["post-7732","post","type-post","status-publish","format-standard","has-post-thumbnail","hentry","category-uncategorized"],"_links":{"self":[{"href":"https:\/\/diariodepernambuco.audiencelabs.com.br\/wp-json\/wp\/v2\/posts\/7732","targetHints":{"allow":["GET"]}}],"collection":[{"href":"https:\/\/diariodepernambuco.audiencelabs.com.br\/wp-json\/wp\/v2\/posts"}],"about":[{"href":"https:\/\/diariodepernambuco.audiencelabs.com.br\/wp-json\/wp\/v2\/types\/post"}],"author":[{"embeddable":true,"href":"https:\/\/diariodepernambuco.audiencelabs.com.br\/wp-json\/wp\/v2\/users\/4"}],"replies":[{"embeddable":true,"href":"https:\/\/diariodepernambuco.audiencelabs.com.br\/wp-json\/wp\/v2\/comments?post=7732"}],"version-history":[{"count":2,"href":"https:\/\/diariodepernambuco.audiencelabs.com.br\/wp-json\/wp\/v2\/posts\/7732\/revisions"}],"predecessor-version":[{"id":7736,"href":"https:\/\/diariodepernambuco.audiencelabs.com.br\/wp-json\/wp\/v2\/posts\/7732\/revisions\/7736"}],"wp:featuredmedia":[{"embeddable":true,"href":"https:\/\/diariodepernambuco.audiencelabs.com.br\/wp-json\/wp\/v2\/media\/7734"}],"wp:attachment":[{"href":"https:\/\/diariodepernambuco.audiencelabs.com.br\/wp-json\/wp\/v2\/media?parent=7732"}],"wp:term":[{"taxonomy":"category","embeddable":true,"href":"https:\/\/diariodepernambuco.audiencelabs.com.br\/wp-json\/wp\/v2\/categories?post=7732"},{"taxonomy":"post_tag","embeddable":true,"href":"https:\/\/diariodepernambuco.audiencelabs.com.br\/wp-json\/wp\/v2\/tags?post=7732"}],"curies":[{"name":"wp","href":"https:\/\/api.w.org\/{rel}","templated":true}]}}