{"id":7766,"date":"2025-11-03T13:00:00","date_gmt":"2025-11-03T16:00:00","guid":{"rendered":"https:\/\/diariodepernambuco.audiencelabs.com.br\/?p=7766"},"modified":"2025-10-31T09:05:47","modified_gmt":"2025-10-31T12:05:47","slug":"calendario-do-bolsa-familia-de-novembro-datas-e-detalhes","status":"publish","type":"post","link":"https:\/\/diariodepernambuco.audiencelabs.com.br\/calendario-do-bolsa-familia-de-novembro-datas-e-detalhes\/","title":{"rendered":"Calend\u00e1rio do Bolsa Fam\u00edlia de novembro: datas e detalhes"},"content":{"rendered":"\n<p>Os pagamentos do Bolsa Fam\u00edlia referentes a novembro de 2025 j\u00e1 t\u00eam calend\u00e1rio oficial divulgado pelo Minist\u00e9rio do Desenvolvimento e Assist\u00eancia Social, Fam\u00edlia e Combate \u00e0 Fome (MDS). O programa, que beneficia mais de 19 milh\u00f5es de fam\u00edlias em situa\u00e7\u00e3o de vulnerabilidade, seguir\u00e1 o cronograma habitual, definido conforme o \u00faltimo d\u00edgito do N\u00famero de Identifica\u00e7\u00e3o Social (NIS).<\/p>\n\n\n\n<p>Os dep\u00f3sitos ter\u00e3o in\u00edcio no dia 14 de novembro e seguir\u00e3o de forma escalonada at\u00e9 o dia 28, garantindo uma distribui\u00e7\u00e3o organizada dos recursos. Como de costume, os benefici\u00e1rios com NIS final 1 receber\u00e3o primeiro, enquanto os com NIS final 0 encerrar\u00e3o o cronograma. Os valores ser\u00e3o creditados diretamente na conta do Caixa Tem ou no Cart\u00e3o Bolsa Fam\u00edlia, permitindo saques e movimenta\u00e7\u00f5es digitais.<\/p>\n\n\n\n<p>Al\u00e9m do valor-base, o programa continua contemplando benef\u00edcios adicionais, como o Benef\u00edcio Primeira Inf\u00e2ncia (para fam\u00edlias com crian\u00e7as de at\u00e9 seis anos) e o Benef\u00edcio Vari\u00e1vel Familiar, que inclui gestantes, nutrizes e jovens de 7 a 18 anos. O governo refor\u00e7a a import\u00e2ncia de manter o Cadastro \u00danico atualizado, pois informa\u00e7\u00f5es desatualizadas podem levar \u00e0 suspens\u00e3o tempor\u00e1ria ou bloqueio do benef\u00edcio.<\/p>\n\n\n\n<h2 class=\"wp-block-heading\">Calend\u00e1rio do Bolsa Fam\u00edlia em novembro<\/h2>\n\n\n\n<ul class=\"wp-block-list\">\n<li>Final do NIS 1 &#8211; 14 de novembro (sexta-feira)<\/li>\n\n\n\n<li>Final do NIS 2 &#8211; 17 de novembro (segunda-feira)<\/li>\n\n\n\n<li>Final do NIS 3 &#8211; 18 de novembro (ter\u00e7a-feira)<\/li>\n\n\n\n<li>Final do NIS 4 &#8211; 19 de novembro (quarta-feira)<\/li>\n\n\n\n<li>Final do NIS 5 &#8211; 21 de novembro (sexta-feira)<\/li>\n\n\n\n<li>Final do NIS 6 &#8211; 24 de novembro (segunda-feira)<\/li>\n\n\n\n<li>Final do NIS 7 &#8211; 25 de novembro (ter\u00e7a-feira)<\/li>\n\n\n\n<li>Final do NIS 8 &#8211; 26 de novembro (quarta-feira)<\/li>\n\n\n\n<li>Final do NIS 9 &#8211; 27 de novembro (quinta-feira)<\/li>\n\n\n\n<li>Final do NIS 0 &#8211; 28 de novembro (sexta-feira)<\/li>\n<\/ul>\n","protected":false},"excerpt":{"rendered":"<p>Os pagamentos do Bolsa Fam\u00edlia referentes a novembro de 2025 j\u00e1 t\u00eam calend\u00e1rio oficial divulgado pelo Minist\u00e9rio do Desenvolvimento e Assist\u00eancia Social, Fam\u00edlia e Combate \u00e0 Fome (MDS). O programa, que beneficia mais de 19 milh\u00f5es de fam\u00edlias em situa\u00e7\u00e3o de vulnerabilidade, seguir\u00e1 o cronograma habitual, definido conforme o \u00faltimo d\u00edgito do N\u00famero de Identifica\u00e7\u00e3o [&hellip;]<\/p>\n","protected":false},"author":4,"featured_media":1133,"comment_status":"open","ping_status":"open","sticky":false,"template":"","format":"standard","meta":{"jnews-multi-image_gallery":[],"jnews_single_post":{"format":"standard"},"jnews_primary_category":[],"jnews_social_meta":[],"jnews_post_split":[],"footnotes":""},"categories":[1],"tags":[],"class_list":["post-7766","post","type-post","status-publish","format-standard","has-post-thumbnail","hentry","category-uncategorized"],"_links":{"self":[{"href":"https:\/\/diariodepernambuco.audiencelabs.com.br\/wp-json\/wp\/v2\/posts\/7766","targetHints":{"allow":["GET"]}}],"collection":[{"href":"https:\/\/diariodepernambuco.audiencelabs.com.br\/wp-json\/wp\/v2\/posts"}],"about":[{"href":"https:\/\/diariodepernambuco.audiencelabs.com.br\/wp-json\/wp\/v2\/types\/post"}],"author":[{"embeddable":true,"href":"https:\/\/diariodepernambuco.audiencelabs.com.br\/wp-json\/wp\/v2\/users\/4"}],"replies":[{"embeddable":true,"href":"https:\/\/diariodepernambuco.audiencelabs.com.br\/wp-json\/wp\/v2\/comments?post=7766"}],"version-history":[{"count":2,"href":"https:\/\/diariodepernambuco.audiencelabs.com.br\/wp-json\/wp\/v2\/posts\/7766\/revisions"}],"predecessor-version":[{"id":7768,"href":"https:\/\/diariodepernambuco.audiencelabs.com.br\/wp-json\/wp\/v2\/posts\/7766\/revisions\/7768"}],"wp:featuredmedia":[{"embeddable":true,"href":"https:\/\/diariodepernambuco.audiencelabs.com.br\/wp-json\/wp\/v2\/media\/1133"}],"wp:attachment":[{"href":"https:\/\/diariodepernambuco.audiencelabs.com.br\/wp-json\/wp\/v2\/media?parent=7766"}],"wp:term":[{"taxonomy":"category","embeddable":true,"href":"https:\/\/diariodepernambuco.audiencelabs.com.br\/wp-json\/wp\/v2\/categories?post=7766"},{"taxonomy":"post_tag","embeddable":true,"href":"https:\/\/diariodepernambuco.audiencelabs.com.br\/wp-json\/wp\/v2\/tags?post=7766"}],"curies":[{"name":"wp","href":"https:\/\/api.w.org\/{rel}","templated":true}]}}