{"id":7769,"date":"2025-11-03T12:30:00","date_gmt":"2025-11-03T15:30:00","guid":{"rendered":"https:\/\/diariodepernambuco.audiencelabs.com.br\/?p=7769"},"modified":"2025-10-31T09:12:45","modified_gmt":"2025-10-31T12:12:45","slug":"como-recarregar-o-botijao-de-gas-pelo-gas-do-povo","status":"publish","type":"post","link":"https:\/\/diariodepernambuco.audiencelabs.com.br\/como-recarregar-o-botijao-de-gas-pelo-gas-do-povo\/","title":{"rendered":"Como recarregar o botij\u00e3o de g\u00e1s pelo G\u00e1s do Povo?"},"content":{"rendered":"\n<p>O Governo Federal recentemente lan\u00e7ou o programa G\u00e1s do Povo, que visa facilitar o acesso ao g\u00e1s de cozinha para fam\u00edlias em situa\u00e7\u00e3o de vulnerabilidade. A partir de novembro de 2025, ele substituir\u00e1 o antigo Aux\u00edlio G\u00e1s, oferecendo recarga gratuita do botij\u00e3o de 13 kg em pontos credenciados em todo o pa\u00eds.<\/p>\n\n\n\n<p>O programa foi criado como parte da iniciativa do governo de oferecer seguran\u00e7a alimentar e energ\u00e9tica \u00e0s fam\u00edlias de baixa renda. Diferente do modelo anterior, em que o benef\u00edcio era concedido em dinheiro, o G\u00e1s do Povo permitir\u00e1 que o cidad\u00e3o retire a recarga diretamente na revenda, eliminando intermedi\u00e1rios e diminuindo o risco de fraudes.<\/p>\n\n\n\n<p>De acordo com o Minist\u00e9rio de Minas e Energia (MME), o novo modelo \u201cgarante mais transpar\u00eancia e controle social sobre a aplica\u00e7\u00e3o dos recursos p\u00fablicos\u201d. O programa tamb\u00e9m tem como objetivo reduzir o impacto da infla\u00e7\u00e3o no or\u00e7amento das fam\u00edlias, especialmente daquelas que dependem exclusivamente de benef\u00edcios sociais, como o Bolsa Fam\u00edlia.<\/p>\n\n\n\n<p>Uma das principais novidades do programa \u00e9 a op\u00e7\u00e3o de recarregar o botij\u00e3o utilizando o cart\u00e3o do Bolsa Fam\u00edlia. O procedimento \u00e9 r\u00e1pido, pr\u00e1tico e completamente gratuito. Para comprovar o direito ao benef\u00edcio e retirar o g\u00e1s de cozinha, o participante poder\u00e1 recorrer a quatro m\u00e9todos oficiais de valida\u00e7\u00e3o:<\/p>\n\n\n\n<ul class=\"wp-block-list\">\n<li>Cart\u00e3o do Bolsa Fam\u00edlia \u2014 \u00c9 o principal meio de identifica\u00e7\u00e3o e dever\u00e1 ser apresentado diretamente na revenda credenciada.<\/li>\n\n\n\n<li>Cart\u00e3o de d\u00e9bito da Caixa Econ\u00f4mica Federal \u2014 Alternativa v\u00e1lida para quem recebe o Bolsa Fam\u00edlia pela conta digital.<\/li>\n\n\n\n<li>CPF com c\u00f3digo de valida\u00e7\u00e3o via SMS \u2014 O benefici\u00e1rio receber\u00e1 um c\u00f3digo tempor\u00e1rio enviado pela Caixa ou DataPrev.<\/li>\n\n\n\n<li>Aplicativo G\u00e1s do Povo \u2014 Dispon\u00edvel a partir de fevereiro de 2026, permitir\u00e1 a gera\u00e7\u00e3o de um c\u00f3digo digital de acesso para autenticar a retirada.<\/li>\n<\/ul>\n","protected":false},"excerpt":{"rendered":"<p>O Governo Federal recentemente lan\u00e7ou o programa G\u00e1s do Povo, que visa facilitar o acesso ao g\u00e1s de cozinha para fam\u00edlias em situa\u00e7\u00e3o de vulnerabilidade. A partir de novembro de 2025, ele substituir\u00e1 o antigo Aux\u00edlio G\u00e1s, oferecendo recarga gratuita do botij\u00e3o de 13 kg em pontos credenciados em todo o pa\u00eds. O programa foi [&hellip;]<\/p>\n","protected":false},"author":4,"featured_media":3581,"comment_status":"open","ping_status":"open","sticky":false,"template":"","format":"standard","meta":{"jnews-multi-image_gallery":[],"jnews_single_post":{"format":"standard"},"jnews_primary_category":[],"jnews_social_meta":[],"jnews_post_split":[],"footnotes":""},"categories":[1],"tags":[],"class_list":["post-7769","post","type-post","status-publish","format-standard","has-post-thumbnail","hentry","category-uncategorized"],"_links":{"self":[{"href":"https:\/\/diariodepernambuco.audiencelabs.com.br\/wp-json\/wp\/v2\/posts\/7769","targetHints":{"allow":["GET"]}}],"collection":[{"href":"https:\/\/diariodepernambuco.audiencelabs.com.br\/wp-json\/wp\/v2\/posts"}],"about":[{"href":"https:\/\/diariodepernambuco.audiencelabs.com.br\/wp-json\/wp\/v2\/types\/post"}],"author":[{"embeddable":true,"href":"https:\/\/diariodepernambuco.audiencelabs.com.br\/wp-json\/wp\/v2\/users\/4"}],"replies":[{"embeddable":true,"href":"https:\/\/diariodepernambuco.audiencelabs.com.br\/wp-json\/wp\/v2\/comments?post=7769"}],"version-history":[{"count":2,"href":"https:\/\/diariodepernambuco.audiencelabs.com.br\/wp-json\/wp\/v2\/posts\/7769\/revisions"}],"predecessor-version":[{"id":7771,"href":"https:\/\/diariodepernambuco.audiencelabs.com.br\/wp-json\/wp\/v2\/posts\/7769\/revisions\/7771"}],"wp:featuredmedia":[{"embeddable":true,"href":"https:\/\/diariodepernambuco.audiencelabs.com.br\/wp-json\/wp\/v2\/media\/3581"}],"wp:attachment":[{"href":"https:\/\/diariodepernambuco.audiencelabs.com.br\/wp-json\/wp\/v2\/media?parent=7769"}],"wp:term":[{"taxonomy":"category","embeddable":true,"href":"https:\/\/diariodepernambuco.audiencelabs.com.br\/wp-json\/wp\/v2\/categories?post=7769"},{"taxonomy":"post_tag","embeddable":true,"href":"https:\/\/diariodepernambuco.audiencelabs.com.br\/wp-json\/wp\/v2\/tags?post=7769"}],"curies":[{"name":"wp","href":"https:\/\/api.w.org\/{rel}","templated":true}]}}