{"id":7788,"date":"2025-11-03T14:00:00","date_gmt":"2025-11-03T17:00:00","guid":{"rendered":"https:\/\/diariodepernambuco.audiencelabs.com.br\/?p=7788"},"modified":"2025-10-31T10:14:18","modified_gmt":"2025-10-31T13:14:18","slug":"duas-redes-de-supermercados-surpreenderam-e-anunciaram-falencia","status":"publish","type":"post","link":"https:\/\/diariodepernambuco.audiencelabs.com.br\/duas-redes-de-supermercados-surpreenderam-e-anunciaram-falencia\/","title":{"rendered":"Duas redes de supermercados surpreenderam e anunciaram fal\u00eancia"},"content":{"rendered":"\n<p>A crise econ\u00f4mica global continua impondo grandes desafios ao setor varejista, afetando inclusive redes de supermercados de grande porte ao redor do mundo. Recentemente, duas importantes empresas \u2014 uma europeia e outra norte-americana \u2014 anunciaram fal\u00eancias e o fechamento de v\u00e1rias lojas, gerando impactos diretos para milhares de trabalhadores e consumidores.<\/p>\n\n\n\n<p>No caso da Espanha, a rede Alcampo, pertencente ao grupo franc\u00eas Auchan e uma das maiores do pa\u00eds, anunciou o encerramento de 25 unidades e a redu\u00e7\u00e3o da \u00e1rea de 15 hipermercados. Essa medida faz parte de um plano de reestrutura\u00e7\u00e3o que afetar\u00e1 cerca de 710 funcion\u00e1rios, correspondendo a aproximadamente 3% do total do quadro de colaboradores no pa\u00eds.<\/p>\n\n\n\n<p>A companhia ressaltou que a medida tem como objetivo adaptar-se aos novos h\u00e1bitos de consumo, reduzir despesas e aumentar a efici\u00eancia operacional. A mudan\u00e7a de prefer\u00eancia dos clientes por compras menores e mais frequentes, somada ao crescimento do com\u00e9rcio online, pressionou o modelo tradicional de hipermercados de grande porte.<\/p>\n\n\n\n<p>J\u00e1 nos Estados Unidos, a Daily Table \u2014 criada em 2015 com o objetivo de oferecer alimentos saud\u00e1veis e acess\u00edveis a fam\u00edlias de baixa renda \u2014 anunciou o fechamento de todas as suas unidades ap\u00f3s quase uma d\u00e9cada de funcionamento. A rede, considerada um projeto social inovador, foi idealizada por Doug Rauch, ex-presidente da Trader Joe\u2019s, e se mantinha por meio de doa\u00e7\u00f5es e pre\u00e7os populares.<\/p>\n\n\n\n<p>Em nota, a empresa informou que n\u00e3o conseguiu garantir o financiamento necess\u00e1rio diante do aumento dos custos operacionais e da redu\u00e7\u00e3o do poder de compra das fam\u00edlias norte-americanas. Ao longo de sua atua\u00e7\u00e3o, a Daily Table atendeu mais de 3 milh\u00f5es de clientes, proporcionando economia significativa a fam\u00edlias de baixa renda.<\/p>\n\n\n\n<p>r<\/p>\n","protected":false},"excerpt":{"rendered":"<p>A crise econ\u00f4mica global continua impondo grandes desafios ao setor varejista, afetando inclusive redes de supermercados de grande porte ao redor do mundo. Recentemente, duas importantes empresas \u2014 uma europeia e outra norte-americana \u2014 anunciaram fal\u00eancias e o fechamento de v\u00e1rias lojas, gerando impactos diretos para milhares de trabalhadores e consumidores. No caso da Espanha, [&hellip;]<\/p>\n","protected":false},"author":4,"featured_media":2789,"comment_status":"open","ping_status":"open","sticky":false,"template":"","format":"standard","meta":{"jnews-multi-image_gallery":[],"jnews_single_post":{"format":"standard"},"jnews_primary_category":[],"jnews_social_meta":[],"jnews_post_split":[],"footnotes":""},"categories":[1],"tags":[],"class_list":["post-7788","post","type-post","status-publish","format-standard","has-post-thumbnail","hentry","category-uncategorized"],"_links":{"self":[{"href":"https:\/\/diariodepernambuco.audiencelabs.com.br\/wp-json\/wp\/v2\/posts\/7788","targetHints":{"allow":["GET"]}}],"collection":[{"href":"https:\/\/diariodepernambuco.audiencelabs.com.br\/wp-json\/wp\/v2\/posts"}],"about":[{"href":"https:\/\/diariodepernambuco.audiencelabs.com.br\/wp-json\/wp\/v2\/types\/post"}],"author":[{"embeddable":true,"href":"https:\/\/diariodepernambuco.audiencelabs.com.br\/wp-json\/wp\/v2\/users\/4"}],"replies":[{"embeddable":true,"href":"https:\/\/diariodepernambuco.audiencelabs.com.br\/wp-json\/wp\/v2\/comments?post=7788"}],"version-history":[{"count":2,"href":"https:\/\/diariodepernambuco.audiencelabs.com.br\/wp-json\/wp\/v2\/posts\/7788\/revisions"}],"predecessor-version":[{"id":7791,"href":"https:\/\/diariodepernambuco.audiencelabs.com.br\/wp-json\/wp\/v2\/posts\/7788\/revisions\/7791"}],"wp:featuredmedia":[{"embeddable":true,"href":"https:\/\/diariodepernambuco.audiencelabs.com.br\/wp-json\/wp\/v2\/media\/2789"}],"wp:attachment":[{"href":"https:\/\/diariodepernambuco.audiencelabs.com.br\/wp-json\/wp\/v2\/media?parent=7788"}],"wp:term":[{"taxonomy":"category","embeddable":true,"href":"https:\/\/diariodepernambuco.audiencelabs.com.br\/wp-json\/wp\/v2\/categories?post=7788"},{"taxonomy":"post_tag","embeddable":true,"href":"https:\/\/diariodepernambuco.audiencelabs.com.br\/wp-json\/wp\/v2\/tags?post=7788"}],"curies":[{"name":"wp","href":"https:\/\/api.w.org\/{rel}","templated":true}]}}