{"id":7805,"date":"2025-11-01T09:00:00","date_gmt":"2025-11-01T12:00:00","guid":{"rendered":"https:\/\/diariodepernambuco.audiencelabs.com.br\/?p=7805"},"modified":"2025-10-31T10:30:45","modified_gmt":"2025-10-31T13:30:45","slug":"cerveja-some-das-prateleiras-nos-supermercados-qual-o-motivo","status":"publish","type":"post","link":"https:\/\/diariodepernambuco.audiencelabs.com.br\/cerveja-some-das-prateleiras-nos-supermercados-qual-o-motivo\/","title":{"rendered":"Cerveja some das prateleiras nos supermercados: qual o motivo?"},"content":{"rendered":"\n<p>Em setembro, os supermercados brasileiros registraram melhor abastecimento, com aumento na oferta de itens como ovos, feij\u00e3o, arroz, caf\u00e9 e azeite, segundo o \u00cdndice de Ruptura da Neogrid, que acompanha a falta de produtos nas g\u00f4ndolas. No geral, o \u00edndice caiu de 13,1% em agosto para 11,9% em setembro, representando uma redu\u00e7\u00e3o de 1,2 ponto percentual (p.p.).<\/p>\n\n\n\n<p>O resultado aponta uma melhoria no abastecimento, especialmente com a reposi\u00e7\u00e3o de estoques de itens essenciais da cesta b\u00e1sica. Diferentemente das outras categorias, a cerveja foi o item mais escasso em setembro, registrando aumento de pre\u00e7os em meio \u00e0 crise do metanol e \u00e0 redu\u00e7\u00e3o da produ\u00e7\u00e3o.<\/p>\n\n\n\n<p>O levantamento apontou que o pre\u00e7o m\u00e9dio da cerveja artesanal passou de R$ 19,93 para R$ 21,63. A cerveja escura subiu de R$ 14,78 para R$ 15,84, a clara foi de R$ 13,56 para R$ 14,68, e a sem \u00e1lcool aumentou de R$ 15,51 para R$ 16,29.<\/p>\n\n\n\n<p>Al\u00e9m disso, a produ\u00e7\u00e3o de bebidas alco\u00f3licas registrou queda de aproximadamente 11% em agosto, segundo o Instituto Brasileiro de Geografia e Estat\u00edstica (IBGE), reacendendo preocupa\u00e7\u00f5es sobre o volume de produ\u00e7\u00e3o das cervejarias no terceiro trimestre.<\/p>\n\n\n\n<h2 class=\"wp-block-heading\">Queda na produ\u00e7\u00e3o e alta nos pre\u00e7os pressionam o mercado<\/h2>\n\n\n\n<p>A escassez de cerveja nas prateleiras n\u00e3o se deve apenas \u00e0 crise do metanol, mas tamb\u00e9m \u00e0 redu\u00e7\u00e3o significativa na produ\u00e7\u00e3o das cervejarias. Com queda de cerca de 11% em agosto, segundo o IBGE, os estoques diminu\u00edram justamente em um per\u00edodo de maior demanda, elevando os pre\u00e7os m\u00e9dios e tornando o item ainda mais dif\u00edcil de encontrar para os consumidores.<\/p>\n\n\n\n<p>O aumento nos valores reflete o impacto direto da oferta limitada: a cerveja artesanal passou de R$ 19,93 para R$ 21,63, a escura subiu para R$ 15,84, a clara para R$ 14,68 e a vers\u00e3o sem \u00e1lcool alcan\u00e7ou R$ 16,29. Esses reajustes, somados \u00e0 menor disponibilidade, mostram como fatores de produ\u00e7\u00e3o e mercado podem afetar o bolso e a rotina dos consumidores.<\/p>\n","protected":false},"excerpt":{"rendered":"<p>Em setembro, os supermercados brasileiros registraram melhor abastecimento, com aumento na oferta de itens como ovos, feij\u00e3o, arroz, caf\u00e9 e azeite, segundo o \u00cdndice de Ruptura da Neogrid, que acompanha a falta de produtos nas g\u00f4ndolas. No geral, o \u00edndice caiu de 13,1% em agosto para 11,9% em setembro, representando uma redu\u00e7\u00e3o de 1,2 ponto [&hellip;]<\/p>\n","protected":false},"author":4,"featured_media":7807,"comment_status":"open","ping_status":"open","sticky":false,"template":"","format":"standard","meta":{"jnews-multi-image_gallery":[],"jnews_single_post":{"format":"standard"},"jnews_primary_category":[],"jnews_social_meta":[],"jnews_post_split":[],"footnotes":""},"categories":[1],"tags":[],"class_list":["post-7805","post","type-post","status-publish","format-standard","has-post-thumbnail","hentry","category-uncategorized"],"_links":{"self":[{"href":"https:\/\/diariodepernambuco.audiencelabs.com.br\/wp-json\/wp\/v2\/posts\/7805","targetHints":{"allow":["GET"]}}],"collection":[{"href":"https:\/\/diariodepernambuco.audiencelabs.com.br\/wp-json\/wp\/v2\/posts"}],"about":[{"href":"https:\/\/diariodepernambuco.audiencelabs.com.br\/wp-json\/wp\/v2\/types\/post"}],"author":[{"embeddable":true,"href":"https:\/\/diariodepernambuco.audiencelabs.com.br\/wp-json\/wp\/v2\/users\/4"}],"replies":[{"embeddable":true,"href":"https:\/\/diariodepernambuco.audiencelabs.com.br\/wp-json\/wp\/v2\/comments?post=7805"}],"version-history":[{"count":2,"href":"https:\/\/diariodepernambuco.audiencelabs.com.br\/wp-json\/wp\/v2\/posts\/7805\/revisions"}],"predecessor-version":[{"id":7810,"href":"https:\/\/diariodepernambuco.audiencelabs.com.br\/wp-json\/wp\/v2\/posts\/7805\/revisions\/7810"}],"wp:featuredmedia":[{"embeddable":true,"href":"https:\/\/diariodepernambuco.audiencelabs.com.br\/wp-json\/wp\/v2\/media\/7807"}],"wp:attachment":[{"href":"https:\/\/diariodepernambuco.audiencelabs.com.br\/wp-json\/wp\/v2\/media?parent=7805"}],"wp:term":[{"taxonomy":"category","embeddable":true,"href":"https:\/\/diariodepernambuco.audiencelabs.com.br\/wp-json\/wp\/v2\/categories?post=7805"},{"taxonomy":"post_tag","embeddable":true,"href":"https:\/\/diariodepernambuco.audiencelabs.com.br\/wp-json\/wp\/v2\/tags?post=7805"}],"curies":[{"name":"wp","href":"https:\/\/api.w.org\/{rel}","templated":true}]}}