{"id":7816,"date":"2025-10-31T11:03:56","date_gmt":"2025-10-31T14:03:56","guid":{"rendered":"https:\/\/diariodepernambuco.audiencelabs.com.br\/?p=7816"},"modified":"2025-10-31T12:12:37","modified_gmt":"2025-10-31T15:12:37","slug":"cnh-gratis-como-fugir-das-taxas-e-por-que-nem-todo-mundo-pode","status":"publish","type":"post","link":"https:\/\/diariodepernambuco.audiencelabs.com.br\/cnh-gratis-como-fugir-das-taxas-e-por-que-nem-todo-mundo-pode\/","title":{"rendered":"CNH gr\u00e1tis? Como fugir das taxas e por que nem todo mundo pode"},"content":{"rendered":"\n<p>A CNH Social vem se consolidando como uma das principais pol\u00edticas p\u00fablicas voltadas \u00e0 inclus\u00e3o no tr\u00e2nsito brasileiro. Criado por lei federal, o programa permite que cidad\u00e3os de baixa renda obtenham gratuitamente a Carteira Nacional de Habilita\u00e7\u00e3o (CNH), cobrindo todas as etapas do processo \u2014 das aulas te\u00f3ricas e pr\u00e1ticas aos exames m\u00e9dicos, psicol\u00f3gicos e taxas administrativas.<\/p>\n\n\n\n<h3 class=\"wp-block-heading\">Recursos vindos das multas<\/h3>\n\n\n\n<p>A iniciativa \u00e9 financiada com recursos provenientes de multas de tr\u00e2nsito, o que possibilita aos Departamentos Estaduais de Tr\u00e2nsito (Detrans) custear a forma\u00e7\u00e3o de novos condutores sem repassar custos aos participantes. Com isso, a proposta busca tornar o acesso \u00e0 habilita\u00e7\u00e3o mais justo e democr\u00e1tico, ampliando oportunidades para quem enfrenta dificuldades financeiras.<\/p>\n\n\n\n<h3 class=\"wp-block-heading\">Quem pode participar<\/h3>\n\n\n\n<p>Para concorrer a uma vaga na CNH Social, o interessado precisa atender a alguns crit\u00e9rios. \u00c9 necess\u00e1rio ter 18 anos ou mais, estar inscrito no Cadastro \u00danico para Programas Sociais do Governo Federal (Cad\u00danico) e ter renda familiar per capita de at\u00e9 meio sal\u00e1rio m\u00ednimo \u2014 cerca de R$ 706 por pessoa. A inscri\u00e7\u00e3o no Cad\u00danico \u00e9 feita em unidades do Centro de Refer\u00eancia de Assist\u00eancia Social (CRAS).<\/p>\n\n\n\n<p>O benef\u00edcio \u00e9 prioritariamente voltado para quem busca a primeira habilita\u00e7\u00e3o nas categorias A (moto) e B (carro), embora alguns estados incluam tamb\u00e9m as categorias C, D e E.<\/p>\n\n\n\n<h3 class=\"wp-block-heading\">Regras variam entre os estados<\/h3>\n\n\n\n<p>Cada Detran define seus pr\u00f3prios crit\u00e9rios e prazos. No Rio Grande do Sul, por exemplo, o programa abriu 3 mil vagas para 2025, exigindo resid\u00eancia m\u00ednima de dois anos no estado e renda familiar de at\u00e9 tr\u00eas sal\u00e1rios m\u00ednimos. J\u00e1 no Esp\u00edrito Santo, as regras incluem saber ler e escrever, possuir CPF e identidade, morar no estado e ter renda de at\u00e9 dois sal\u00e1rios m\u00ednimos.<\/p>\n\n\n\n<h3 class=\"wp-block-heading\">Inclus\u00e3o e novas oportunidades<\/h3>\n\n\n\n<p>Mais do que permitir dirigir, a CNH Social \u00e9 vista como ferramenta de inclus\u00e3o e mobilidade social. Ter a habilita\u00e7\u00e3o pode abrir portas para o mercado de trabalho e ampliar a autonomia de mulheres e pessoas em situa\u00e7\u00e3o de vulnerabilidade.<\/p>\n\n\n\n<p>Os interessados devem ficar atentos aos editais divulgados pelos Detrans estaduais, reunir os documentos necess\u00e1rios e aguardar a sele\u00e7\u00e3o \u2014 que pode ocorrer por sorteio ou ordem de inscri\u00e7\u00e3o. Ap\u00f3s a aprova\u00e7\u00e3o, o candidato segue o processo regular de aulas e exames at\u00e9 a emiss\u00e3o da carteira<\/p>\n","protected":false},"excerpt":{"rendered":"<p>A CNH Social vem se consolidando como uma das principais pol\u00edticas p\u00fablicas voltadas \u00e0 inclus\u00e3o no tr\u00e2nsito brasileiro. Criado por lei federal, o programa permite que cidad\u00e3os de baixa renda obtenham gratuitamente a Carteira Nacional de Habilita\u00e7\u00e3o (CNH), cobrindo todas as etapas do processo \u2014 das aulas te\u00f3ricas e pr\u00e1ticas aos exames m\u00e9dicos, psicol\u00f3gicos e [&hellip;]<\/p>\n","protected":false},"author":7,"featured_media":2401,"comment_status":"open","ping_status":"open","sticky":false,"template":"","format":"standard","meta":{"jnews-multi-image_gallery":[],"jnews_single_post":{"format":"standard"},"jnews_primary_category":[],"jnews_social_meta":[],"jnews_post_split":[],"footnotes":""},"categories":[1],"tags":[],"class_list":["post-7816","post","type-post","status-publish","format-standard","has-post-thumbnail","hentry","category-uncategorized"],"_links":{"self":[{"href":"https:\/\/diariodepernambuco.audiencelabs.com.br\/wp-json\/wp\/v2\/posts\/7816","targetHints":{"allow":["GET"]}}],"collection":[{"href":"https:\/\/diariodepernambuco.audiencelabs.com.br\/wp-json\/wp\/v2\/posts"}],"about":[{"href":"https:\/\/diariodepernambuco.audiencelabs.com.br\/wp-json\/wp\/v2\/types\/post"}],"author":[{"embeddable":true,"href":"https:\/\/diariodepernambuco.audiencelabs.com.br\/wp-json\/wp\/v2\/users\/7"}],"replies":[{"embeddable":true,"href":"https:\/\/diariodepernambuco.audiencelabs.com.br\/wp-json\/wp\/v2\/comments?post=7816"}],"version-history":[{"count":2,"href":"https:\/\/diariodepernambuco.audiencelabs.com.br\/wp-json\/wp\/v2\/posts\/7816\/revisions"}],"predecessor-version":[{"id":7861,"href":"https:\/\/diariodepernambuco.audiencelabs.com.br\/wp-json\/wp\/v2\/posts\/7816\/revisions\/7861"}],"wp:featuredmedia":[{"embeddable":true,"href":"https:\/\/diariodepernambuco.audiencelabs.com.br\/wp-json\/wp\/v2\/media\/2401"}],"wp:attachment":[{"href":"https:\/\/diariodepernambuco.audiencelabs.com.br\/wp-json\/wp\/v2\/media?parent=7816"}],"wp:term":[{"taxonomy":"category","embeddable":true,"href":"https:\/\/diariodepernambuco.audiencelabs.com.br\/wp-json\/wp\/v2\/categories?post=7816"},{"taxonomy":"post_tag","embeddable":true,"href":"https:\/\/diariodepernambuco.audiencelabs.com.br\/wp-json\/wp\/v2\/tags?post=7816"}],"curies":[{"name":"wp","href":"https:\/\/api.w.org\/{rel}","templated":true}]}}