{"id":7817,"date":"2025-11-03T15:00:00","date_gmt":"2025-11-03T18:00:00","guid":{"rendered":"https:\/\/diariodepernambuco.audiencelabs.com.br\/?p=7817"},"modified":"2025-10-31T11:09:25","modified_gmt":"2025-10-31T14:09:25","slug":"governo-confirma-antecipacao-e-calendario-do-13o-salario","status":"publish","type":"post","link":"https:\/\/diariodepernambuco.audiencelabs.com.br\/governo-confirma-antecipacao-e-calendario-do-13o-salario\/","title":{"rendered":"Governo confirma antecipa\u00e7\u00e3o e calend\u00e1rio do 13\u00ba sal\u00e1rio"},"content":{"rendered":"\n<p>A espera pelo 13\u00ba sal\u00e1rio est\u00e1 chegando ao fim. O governo federal confirmou que a primeira parcela do benef\u00edcio ser\u00e1 antecipada para sexta-feira, 28 de novembro, j\u00e1 que o dia 30 cair\u00e1 em um domingo. A medida tem como objetivo assegurar que trabalhadores e aposentados recebam o pagamento ainda dentro do m\u00eas, evitando contratempos com o funcionamento dos bancos.<\/p>\n\n\n\n<p>A segunda parcela do 13\u00ba sal\u00e1rio seguir\u00e1 o calend\u00e1rio tradicional e dever\u00e1 ser paga at\u00e9 o dia 20 de dezembro, conforme determina a legisla\u00e7\u00e3o trabalhista. O adiantamento beneficia milh\u00f5es de brasileiros, especialmente em um momento de aumento nos gastos de fim de ano, como compras de Natal e quita\u00e7\u00e3o de d\u00edvidas.<\/p>\n\n\n\n<p>De acordo com o Minist\u00e9rio do Trabalho e Emprego, o pagamento do 13\u00ba deve injetar mais de R$ 280 bilh\u00f5es na economia brasileira, movimentando o com\u00e9rcio e os servi\u00e7os. Economistas destacam que a antecipa\u00e7\u00e3o pode ajudar a impulsionar as vendas e aliviar o or\u00e7amento das fam\u00edlias, fortalecendo o consumo no \u00faltimo bimestre do ano.<\/p>\n\n\n\n<p>A Lei Federal n\u00ba 4.749\/1965 estabelece que as empresas devem respeitar rigorosamente os prazos legais. O descumprimento dessa obriga\u00e7\u00e3o pode resultar em a\u00e7\u00f5es trabalhistas e na aplica\u00e7\u00e3o de multas pela fiscaliza\u00e7\u00e3o do trabalho. Al\u00e9m disso, atrasos recorrentes podem permitir que o empregado solicite a rescis\u00e3o indireta, garantindo o encerramento do contrato com direito a todas as verbas rescis\u00f3rias.<\/p>\n\n\n\n<h2 class=\"wp-block-heading\">Impacto para empresas e trabalhadores<\/h2>\n\n\n\n<p>Para as empresas, o cumprimento dos prazos \u00e9 essencial n\u00e3o apenas para evitar san\u00e7\u00f5es, mas tamb\u00e9m para manter uma boa rela\u00e7\u00e3o com os funcion\u00e1rios e garantir o equil\u00edbrio financeiro do neg\u00f3cio. O 13\u00ba sal\u00e1rio representa um custo significativo nas contas das companhias, exigindo planejamento antecipado para que os pagamentos sejam feitos dentro do per\u00edodo estipulado por lei.<\/p>\n\n\n\n<p>J\u00e1 para os trabalhadores, o benef\u00edcio \u00e9 um importante refor\u00e7o de renda, especialmente em um per\u00edodo de maior demanda financeira. O pagamento antecipado permite que muitos planejem melhor suas compras, quitem d\u00edvidas e at\u00e9 consigam poupar. Dessa forma, o 13\u00ba sal\u00e1rio se torna n\u00e3o apenas um direito trabalhista, mas tamb\u00e9m um est\u00edmulo \u00e0 economia e \u00e0 organiza\u00e7\u00e3o financeira pessoal.<\/p>\n\n\n\n<p><\/p>\n","protected":false},"excerpt":{"rendered":"<p>A espera pelo 13\u00ba sal\u00e1rio est\u00e1 chegando ao fim. O governo federal confirmou que a primeira parcela do benef\u00edcio ser\u00e1 antecipada para sexta-feira, 28 de novembro, j\u00e1 que o dia 30 cair\u00e1 em um domingo. A medida tem como objetivo assegurar que trabalhadores e aposentados recebam o pagamento ainda dentro do m\u00eas, evitando contratempos com [&hellip;]<\/p>\n","protected":false},"author":4,"featured_media":1536,"comment_status":"open","ping_status":"open","sticky":false,"template":"","format":"standard","meta":{"jnews-multi-image_gallery":[],"jnews_single_post":[],"jnews_primary_category":[],"jnews_social_meta":[],"jnews_post_split":[],"footnotes":""},"categories":[1],"tags":[],"class_list":["post-7817","post","type-post","status-publish","format-standard","has-post-thumbnail","hentry","category-uncategorized"],"_links":{"self":[{"href":"https:\/\/diariodepernambuco.audiencelabs.com.br\/wp-json\/wp\/v2\/posts\/7817","targetHints":{"allow":["GET"]}}],"collection":[{"href":"https:\/\/diariodepernambuco.audiencelabs.com.br\/wp-json\/wp\/v2\/posts"}],"about":[{"href":"https:\/\/diariodepernambuco.audiencelabs.com.br\/wp-json\/wp\/v2\/types\/post"}],"author":[{"embeddable":true,"href":"https:\/\/diariodepernambuco.audiencelabs.com.br\/wp-json\/wp\/v2\/users\/4"}],"replies":[{"embeddable":true,"href":"https:\/\/diariodepernambuco.audiencelabs.com.br\/wp-json\/wp\/v2\/comments?post=7817"}],"version-history":[{"count":2,"href":"https:\/\/diariodepernambuco.audiencelabs.com.br\/wp-json\/wp\/v2\/posts\/7817\/revisions"}],"predecessor-version":[{"id":7822,"href":"https:\/\/diariodepernambuco.audiencelabs.com.br\/wp-json\/wp\/v2\/posts\/7817\/revisions\/7822"}],"wp:featuredmedia":[{"embeddable":true,"href":"https:\/\/diariodepernambuco.audiencelabs.com.br\/wp-json\/wp\/v2\/media\/1536"}],"wp:attachment":[{"href":"https:\/\/diariodepernambuco.audiencelabs.com.br\/wp-json\/wp\/v2\/media?parent=7817"}],"wp:term":[{"taxonomy":"category","embeddable":true,"href":"https:\/\/diariodepernambuco.audiencelabs.com.br\/wp-json\/wp\/v2\/categories?post=7817"},{"taxonomy":"post_tag","embeddable":true,"href":"https:\/\/diariodepernambuco.audiencelabs.com.br\/wp-json\/wp\/v2\/tags?post=7817"}],"curies":[{"name":"wp","href":"https:\/\/api.w.org\/{rel}","templated":true}]}}