{"id":7831,"date":"2025-11-03T18:45:00","date_gmt":"2025-11-03T21:45:00","guid":{"rendered":"https:\/\/diariodepernambuco.audiencelabs.com.br\/?p=7831"},"modified":"2025-10-31T11:29:00","modified_gmt":"2025-10-31T14:29:00","slug":"quantos-dias-de-folga-serao-liberados-no-feriado-da-consciencia-negra","status":"publish","type":"post","link":"https:\/\/diariodepernambuco.audiencelabs.com.br\/quantos-dias-de-folga-serao-liberados-no-feriado-da-consciencia-negra\/","title":{"rendered":"Quantos dias de folga ser\u00e3o liberados no feriado da Consci\u00eancia Negra?"},"content":{"rendered":"\n<p>O m\u00eas de novembro \u00e9 tradicionalmente aguardado pelos trabalhadores brasileiros por conta das pausas e emendas de feriados. No entanto, em 2025, o calend\u00e1rio nacional traz apenas tr\u00eas datas comemorativas, e duas delas caem em fins de semana \u2014 o que reduz as chances de descanso prolongado. Ainda assim, o feriado da Consci\u00eancia Negra, em 20 de novembro, surge como a principal oportunidade para quem busca um respiro antes das festas de fim de ano.<\/p>\n\n\n\n<h3 class=\"wp-block-heading\">Dois feriados caem no fim de semana<\/h3>\n\n\n\n<p>Neste ano, o Dia de Finados (2 de novembro) cair\u00e1 em um domingo, e a Proclama\u00e7\u00e3o da Rep\u00fablica (15 de novembro) ser\u00e1 em um s\u00e1bado. Dessa forma, os dois feriados n\u00e3o resultar\u00e3o em folgas extras para os trabalhadores com expediente de segunda a sexta-feira.<\/p>\n\n\n\n<p>J\u00e1 o Dia da Consci\u00eancia Negra, celebrado em uma quinta-feira, abre espa\u00e7o para uma poss\u00edvel emenda com a sexta-feira (21), desde que haja acordo entre empresas e funcion\u00e1rios. Esse ser\u00e1 o \u00faltimo feriado prolongado antes do Natal, o que o torna bastante valorizado.<\/p>\n\n\n\n<h3 class=\"wp-block-heading\">Feriado em dias \u00fateis: o que vale para quem trabalha<\/h3>\n\n\n\n<p>De acordo com a legisla\u00e7\u00e3o trabalhista, empregados com carteira assinada t\u00eam direito \u00e0 folga nos feriados nacionais. No entanto, se a data cair em um s\u00e1bado ou domingo, n\u00e3o h\u00e1 obriga\u00e7\u00e3o de oferecer uma folga compensat\u00f3ria.<\/p>\n\n\n\n<p>J\u00e1 para quem trabalha nesses dias, o empregador deve garantir folga em outro momento ou pagamento em dobro, conforme determina a Lei n\u00ba 605\/49.<\/p>\n\n\n\n<h3 class=\"wp-block-heading\">Escalas e regimes especiais<\/h3>\n\n\n\n<p>Trabalhadores que atuam em escala 12&#215;36 (12 horas de trabalho por 36 de descanso) n\u00e3o recebem folga adicional nem pagamento extra nos feriados, j\u00e1 que esse regime j\u00e1 inclui a compensa\u00e7\u00e3o.<\/p>\n\n\n\n<h3 class=\"wp-block-heading\">MEIs e estagi\u00e1rios seguem outras regras<\/h3>\n\n\n\n<p>Profissionais aut\u00f4nomos, microempreendedores individuais (MEIs) e estagi\u00e1rios n\u00e3o seguem as mesmas normas da CLT. MEIs e aut\u00f4nomos, por exemplo, n\u00e3o t\u00eam direito a feriado remunerado, pois n\u00e3o h\u00e1 v\u00ednculo empregat\u00edcio. J\u00e1 os estagi\u00e1rios podem ter o descanso, desde que o termo de compromisso n\u00e3o preveja atividade no feriado, conforme estabelece a Lei n\u00ba 11.788\/08.<\/p>\n","protected":false},"excerpt":{"rendered":"<p>O m\u00eas de novembro \u00e9 tradicionalmente aguardado pelos trabalhadores brasileiros por conta das pausas e emendas de feriados. No entanto, em 2025, o calend\u00e1rio nacional traz apenas tr\u00eas datas comemorativas, e duas delas caem em fins de semana \u2014 o que reduz as chances de descanso prolongado. Ainda assim, o feriado da Consci\u00eancia Negra, em [&hellip;]<\/p>\n","protected":false},"author":7,"featured_media":2658,"comment_status":"open","ping_status":"open","sticky":false,"template":"","format":"standard","meta":{"jnews-multi-image_gallery":[],"jnews_single_post":{"format":"standard"},"jnews_primary_category":[],"jnews_social_meta":[],"jnews_post_split":[],"footnotes":""},"categories":[1],"tags":[],"class_list":["post-7831","post","type-post","status-publish","format-standard","has-post-thumbnail","hentry","category-uncategorized"],"_links":{"self":[{"href":"https:\/\/diariodepernambuco.audiencelabs.com.br\/wp-json\/wp\/v2\/posts\/7831","targetHints":{"allow":["GET"]}}],"collection":[{"href":"https:\/\/diariodepernambuco.audiencelabs.com.br\/wp-json\/wp\/v2\/posts"}],"about":[{"href":"https:\/\/diariodepernambuco.audiencelabs.com.br\/wp-json\/wp\/v2\/types\/post"}],"author":[{"embeddable":true,"href":"https:\/\/diariodepernambuco.audiencelabs.com.br\/wp-json\/wp\/v2\/users\/7"}],"replies":[{"embeddable":true,"href":"https:\/\/diariodepernambuco.audiencelabs.com.br\/wp-json\/wp\/v2\/comments?post=7831"}],"version-history":[{"count":2,"href":"https:\/\/diariodepernambuco.audiencelabs.com.br\/wp-json\/wp\/v2\/posts\/7831\/revisions"}],"predecessor-version":[{"id":8557,"href":"https:\/\/diariodepernambuco.audiencelabs.com.br\/wp-json\/wp\/v2\/posts\/7831\/revisions\/8557"}],"wp:featuredmedia":[{"embeddable":true,"href":"https:\/\/diariodepernambuco.audiencelabs.com.br\/wp-json\/wp\/v2\/media\/2658"}],"wp:attachment":[{"href":"https:\/\/diariodepernambuco.audiencelabs.com.br\/wp-json\/wp\/v2\/media?parent=7831"}],"wp:term":[{"taxonomy":"category","embeddable":true,"href":"https:\/\/diariodepernambuco.audiencelabs.com.br\/wp-json\/wp\/v2\/categories?post=7831"},{"taxonomy":"post_tag","embeddable":true,"href":"https:\/\/diariodepernambuco.audiencelabs.com.br\/wp-json\/wp\/v2\/tags?post=7831"}],"curies":[{"name":"wp","href":"https:\/\/api.w.org\/{rel}","templated":true}]}}