{"id":7841,"date":"2025-11-03T18:30:00","date_gmt":"2025-11-03T21:30:00","guid":{"rendered":"https:\/\/diariodepernambuco.audiencelabs.com.br\/?p=7841"},"modified":"2025-10-31T11:43:24","modified_gmt":"2025-10-31T14:43:24","slug":"trabalhar-aos-14-anos-e-permitido-so-se-for-assim-e-a-maioria-nao-sabe-como","status":"publish","type":"post","link":"https:\/\/diariodepernambuco.audiencelabs.com.br\/trabalhar-aos-14-anos-e-permitido-so-se-for-assim-e-a-maioria-nao-sabe-como\/","title":{"rendered":"Trabalhar aos 14 anos \u00e9 permitido? S\u00f3 se for assim e a maioria n\u00e3o sabe como"},"content":{"rendered":"\n<p>No Brasil, a legisla\u00e7\u00e3o trabalhista permite que adolescentes a partir dos 14 anos ingressem no mercado de trabalho, mas apenas em condi\u00e7\u00f5es espec\u00edficas e protegidas. Uma das principais formas de atua\u00e7\u00e3o para essa faixa et\u00e1ria \u00e9 por meio do programa Jovem Aprendiz, que oferece experi\u00eancia profissional, capacita\u00e7\u00e3o e direitos garantidos por lei.<\/p>\n\n\n\n<p>O programa Jovem Aprendiz \u00e9 regulamentado pela Consolida\u00e7\u00e3o das Leis do Trabalho (CLT) e estabelece que o adolescente deve cumprir uma carga hor\u00e1ria reduzida, conciliando atividades pr\u00e1ticas na empresa com cursos de capacita\u00e7\u00e3o te\u00f3rica. Essa modalidade garante ao jovem acesso a direitos trabalhistas, como sal\u00e1rio proporcional, f\u00e9rias, 13\u00ba sal\u00e1rio e FGTS.<\/p>\n\n\n\n<p>Al\u00e9m de preparar o adolescente para o mercado de trabalho, o programa busca incentivar a educa\u00e7\u00e3o e o desenvolvimento de habilidades profissionais, abrindo portas para oportunidades futuras. \u00c9 importante destacar que fora desse formato, qualquer trabalho de menor de 14 anos \u00e9 considerado ilegal, visando proteger a sa\u00fade, a seguran\u00e7a e o direito \u00e0 educa\u00e7\u00e3o do jovem.<\/p>\n\n\n\n<p>Com a orienta\u00e7\u00e3o adequada, trabalhar aos 14 anos pode ser uma experi\u00eancia enriquecedora, respeitando os limites legais e promovendo o crescimento pessoal e profissional.<\/p>\n\n\n\n<h2 class=\"wp-block-heading\">Jovem Aprendiz: oportunidade segura e aprendizado garantido<\/h2>\n\n\n\n<p>O programa Jovem Aprendiz oferece uma forma legal e estruturada para que adolescentes a partir dos 14 anos ingressem no mercado de trabalho, conciliando experi\u00eancia pr\u00e1tica com forma\u00e7\u00e3o te\u00f3rica. Essa combina\u00e7\u00e3o permite que o jovem desenvolva habilidades profissionais enquanto mant\u00e9m o foco na educa\u00e7\u00e3o, garantindo um in\u00edcio de carreira seguro e alinhado \u00e0 lei.<\/p>\n\n\n\n<p>Al\u00e9m de preparar para o futuro, a iniciativa promove inclus\u00e3o social e autonomia, oferecendo benef\u00edcios trabalhistas proporcionais \u00e0 idade e \u00e0 carga hor\u00e1ria reduzida. Com o acompanhamento correto, o Jovem Aprendiz se torna uma oportunidade valiosa para adquirir conhecimento, responsabilidade e experi\u00eancia, estabelecendo uma base s\u00f3lida para trajet\u00f3rias profissionais futuras.<\/p>\n\n\n\n<p><\/p>\n","protected":false},"excerpt":{"rendered":"<p>No Brasil, a legisla\u00e7\u00e3o trabalhista permite que adolescentes a partir dos 14 anos ingressem no mercado de trabalho, mas apenas em condi\u00e7\u00f5es espec\u00edficas e protegidas. Uma das principais formas de atua\u00e7\u00e3o para essa faixa et\u00e1ria \u00e9 por meio do programa Jovem Aprendiz, que oferece experi\u00eancia profissional, capacita\u00e7\u00e3o e direitos garantidos por lei. O programa Jovem [&hellip;]<\/p>\n","protected":false},"author":4,"featured_media":7842,"comment_status":"open","ping_status":"open","sticky":false,"template":"","format":"standard","meta":{"jnews-multi-image_gallery":[],"jnews_single_post":[],"jnews_primary_category":[],"jnews_social_meta":[],"jnews_post_split":[],"footnotes":""},"categories":[1],"tags":[],"class_list":["post-7841","post","type-post","status-publish","format-standard","has-post-thumbnail","hentry","category-uncategorized"],"_links":{"self":[{"href":"https:\/\/diariodepernambuco.audiencelabs.com.br\/wp-json\/wp\/v2\/posts\/7841","targetHints":{"allow":["GET"]}}],"collection":[{"href":"https:\/\/diariodepernambuco.audiencelabs.com.br\/wp-json\/wp\/v2\/posts"}],"about":[{"href":"https:\/\/diariodepernambuco.audiencelabs.com.br\/wp-json\/wp\/v2\/types\/post"}],"author":[{"embeddable":true,"href":"https:\/\/diariodepernambuco.audiencelabs.com.br\/wp-json\/wp\/v2\/users\/4"}],"replies":[{"embeddable":true,"href":"https:\/\/diariodepernambuco.audiencelabs.com.br\/wp-json\/wp\/v2\/comments?post=7841"}],"version-history":[{"count":2,"href":"https:\/\/diariodepernambuco.audiencelabs.com.br\/wp-json\/wp\/v2\/posts\/7841\/revisions"}],"predecessor-version":[{"id":7850,"href":"https:\/\/diariodepernambuco.audiencelabs.com.br\/wp-json\/wp\/v2\/posts\/7841\/revisions\/7850"}],"wp:featuredmedia":[{"embeddable":true,"href":"https:\/\/diariodepernambuco.audiencelabs.com.br\/wp-json\/wp\/v2\/media\/7842"}],"wp:attachment":[{"href":"https:\/\/diariodepernambuco.audiencelabs.com.br\/wp-json\/wp\/v2\/media?parent=7841"}],"wp:term":[{"taxonomy":"category","embeddable":true,"href":"https:\/\/diariodepernambuco.audiencelabs.com.br\/wp-json\/wp\/v2\/categories?post=7841"},{"taxonomy":"post_tag","embeddable":true,"href":"https:\/\/diariodepernambuco.audiencelabs.com.br\/wp-json\/wp\/v2\/tags?post=7841"}],"curies":[{"name":"wp","href":"https:\/\/api.w.org\/{rel}","templated":true}]}}