{"id":7918,"date":"2025-11-04T10:30:00","date_gmt":"2025-11-04T13:30:00","guid":{"rendered":"https:\/\/diariodepernambuco.audiencelabs.com.br\/?p=7918"},"modified":"2025-11-06T18:43:30","modified_gmt":"2025-11-06T21:43:30","slug":"lugar-mais-frio-do-brasil-fica-em-local-discreto-e-tem-sensacao-de-gelo-na-pele","status":"publish","type":"post","link":"https:\/\/diariodepernambuco.audiencelabs.com.br\/lugar-mais-frio-do-brasil-fica-em-local-discreto-e-tem-sensacao-de-gelo-na-pele\/","title":{"rendered":"Lugar mais frio do Brasil fica em local discreto e tem sensa\u00e7\u00e3o de gelo na pele"},"content":{"rendered":"\n<p>Escondida entre as montanhas da Serra Catarinense, Urupema \u00e9 uma pequena cidade que carrega um t\u00edtulo impressionante: o de lugar mais frio do Brasil. Com suas paisagens cobertas de geada, ventos cortantes e temperaturas que frequentemente ficam abaixo de zero, o munic\u00edpio oferece uma verdadeira experi\u00eancia de inverno rigoroso \u2014 algo raro em terras tropicais.<\/p>\n\n\n\n<p>Localizada em altitude m\u00e9dia de cerca de 1.425 m acima do n\u00edvel do mar, ela registra em m\u00e9dia 50 geadas por ano e, no inverno, a ocorr\u00eancia de neve j\u00e1 se tornou parte de sua identidade. Em 30 de novembro de 2021, por meio da Lei n\u00ba 14.255, Urupema foi oficialmente reconhecida como \u201cCapital Nacional do Frio\u201d.<\/p>\n\n\n\n<p>Essa nomea\u00e7\u00e3o n\u00e3o apenas celebra o frio intenso \u2014 que formou \u201ccascatas congeladas e casas cobertas de branco\u201d segundo o projeto legislativo. Mas tamb\u00e9m fortalece o apelo tur\u00edstico da cidade, que oferece o contraste entre o clima rigoroso e uma atmosfera tranquila, ideal para quem busca experimentar o frio em sua forma mais pura, longe dos grandes centros.<\/p>\n\n\n\n<p>Apesar de pequena, com pouco mais de 2,5 mil habitantes, Urupema se tornou um dos destinos mais procurados da Serra Catarinense durante o inverno. O turismo local cresce a cada ano, impulsionado por visitantes que desejam ver a geada cobrindo os campos ao amanhecer ou at\u00e9 presenciar a rara queda de neve.<\/p>\n\n\n\n<h2 class=\"wp-block-heading\">As cidades mais frias do Brasil, al\u00e9m de Urupema (SC)<\/h2>\n\n\n<style>@media (min-width: 992px) {\n    .recomendadorV2Area1 {\n        width: 280px;\n    }\n    .recomendadorV2Area2 {\n        padding: 0px 20px;\n        width: calc(100% - 280px);\n    }\n}\n\n@media (max-width: 992px) {\n    .recomendadorV2Button {\n        margin: 0 auto;\n    }\n    .recomendadorV2Area {\n        flex-direction: column;\n        text-align: center;\n    }\n    .recomendadorV2Area2 {\n        padding: 0px 20px;\n    }\n}\n\n.recomendadorV2Area {\n    background: #eeeeee3d;\n    border-radius: 10px;\n    padding: 15px;\n    display: flex;\n    margin: 15px auto;\n    border: 1px solid #00000014;\n    max-width: 800px;\n}\n\n.recomendadorV2Area1 img {\n    width: 280px;\n    height: auto;\n    border-radius: 8px;\n}\n\n.linkrecomendadorv2 {\n    text-decoration: none !important;\n}\n\n.recomendadorV2Area2 .recomendadorV2Type {\n    text-transform: uppercase;\n    font-weight: 500;\n    font-size: 11px;\n    letter-spacing: 2px;\n    color: #666;\n    margin: 12px 0;\n    display: block;\n}\n\n.recomendadorV2Title h2 {\n    padding-top: 0px !important;\n    margin: 0px !important;\n    border-left: none !important;\n    padding-left: 0px !important;\n    line-height: 1.3;\n    color: #000 !important;\n    font-size: 24px;\n    margin-bottom: 12px !important;\n}\n\n.recomendadorV2Desc {\n    color: #333;\n    margin: 12px 0px !important;\n    font-size: 15px;\n    line-height: 1.5;\n}\n\n.recomendadorV2Button {\n    width: auto;\n    max-width: 200px;\n    margin: 0;\n    display: inline-flex;\n    align-items: center;\n    background: #1D3557;\n    border-radius: 8px;\n    color: #fff;\n    height: 36px;\n    justify-content: center;\n    text-align: center;\n    font-size: 14px;\n    padding: 0 20px;\n    transition: background-color 0.2s ease;\n}\n\n.recomendadorV2Button:hover {\n    background: #2a4d7a;\n}\n\n.recomendadorV2Button:after {\n    margin-top: -2px;\n    content: \"\u2192\";\n    padding: 0px 0px 0px 8px;\n}\n\n.recomendadorV2Alert {\n    text-align: left;\n    font-size: 11px;\n    margin-top: 8px;\n    color: #666;\n}\n\n.recomendadorFixedArea {\n    width: 100%;\n    display: flex;\n    justify-content: center;\n    align-items: center;\n}\n\n@media (min-width: 992px) {\n    #recomendadorFixed {\n        width: 32% !important;\n        left: 5%;\n    }\n    .recomendadorCloseFixed{\n        right: inherit !important;\n        left: 378px !important;\n    }\n}\n\n#recomendadorFixed {\n    width: 90%;\n    box-shadow: 0 10px 20px 0px #00000057;\n    display: none;\n    height: 90px;\n    background: #F6F6F6;\n    position: fixed;\n    flex-direction: row;\n    bottom: 10px;\n    z-index: 9999;\n    border-radius: 16px;\n    padding: 7px 10px;\n}\n\n.recomendadorLeftArea {\n    width: 160px;\n}\n\n.recomendadorRightArea h2 {\n    padding-top: 0px;\n    margin: 2px 0px 4px 0px !important;\n    font-weight: 400;\n    text-align: center;\n    padding-left: 0px !important;\n    color: #000 !important;\n    border-left: none !important;\n    line-height: 20px;\n    font-size: 12px !important;\n}\n\n.recomendadorImgFixed {\n    overflow: hidden;\n    padding: 8px 6px;\n    height: 100%;\n}\n\n.recomendadorImgFixed img {\n    height: 100% !important;\n    border-radius: 16px;\n}\n\n.recomendadorRightArea {\n    padding-top: 6px;\n    display: flex;\n    width: calc(100% - 130px);\n    justify-content: space-between;\n    align-items: center;\n    flex-direction: column;\n}\n\n.recomendadorButtonFixed {\n    margin: 0 auto;\n    background: #1D3557;\n    width: 80%;\n    text-align: center;\n    font-size: 10px;\n    color: #FFF;\n    padding: 2px 10px;\n    border-radius: 3px;\n}\n\n.recomendadorButtonFixed:after {\n    margin-top: -3px;\n    content: \"\u2192\";\n    padding: 0px 0px 0px 10px;\n}\n\n.recomendadorAlertFixed {\n    font-weight: 400;\n    text-align: center;\n    color: #484848;\n    font-size: 8px;\n}\n\n.recomendadorCloseFixed {\n    z-index: 99999;\n    display: none;\n    right: 0px;\n    left: inherit;\n    bottom: 99px;\n    position: fixed;\n    justify-content: center;\n    background: #F6F6F6;\n    width: 25px;\n    align-items: center;\n    height: 25px;\n    font-weight: 800;\n    border-radius: 50%;\n    border: 1px solid #EBEBEB;\n}\n\n.recomendadorV2Desc{\n    color: #000000;\n    margin: 20px 0px;\n}\n\n@media (max-width: 576px) {\n    .recomendadorV2Area {\n      padding: 10px;\n      max-width: 100%;\n    }\n  \n    .recomendadorV2Area1 img {\n      width: 100%;\n      border-radius: 6px;\n    }\n  \n    .recomendadorV2Area2 .recomendadorV2Type {\n      font-size: 9px;\n      letter-spacing: 1px;\n      margin: 8px 0;\n    }\n  \n    .recomendadorV2Title h2 {\n      font-size: 18px !important;\n      margin-bottom: 8px !important;\n      line-height: 1.2;\n    }\n  \n    .recomendadorV2Desc {\n      font-size: 14px;\n      margin: 8px 0 !important;\n      line-height: 1.4;\n    }\n  \n    .recomendadorV2Button {\n      font-size: 12px;\n      height: 30px;\n      padding: 0 12px;\n      max-width: 160px;\n    }\n  \n    .recomendadorV2Button:after {\n      padding-left: 6px;\n    }\n  }\n  <\/style>\n        <div class=\"lazyblock-recomendador-v2-2jDGz wp-block-lazyblock-recomendador-v2\">\n        <a class=\"linkrecomendadorv2\" href=\"https:\/\/diariodepernambuco.com.br\/dpmais\/pequena-cidade-do-brasil-tem-tanta-gente-rica-que-falta-espaco-pra-colocar-dinheiro\/?utm_source=lazy\" target=\"_blank\" rel=\"noopener\">\n            <div class=\"recomendadorV2Area\">\n            <div class=\"recomendadorV2Area1\">\n                <div class=\"recomendadorV2Img\">\n                <img class=\"lazyloaded\" decoding=\"async\" src=\"https:\/\/diariodepernambuco.audiencelabs.com.br\/wp-content\/uploads\/2025\/11\/cidade.jpg\" data-src=\"https:\/\/diariodepernambuco.audiencelabs.com.br\/wp-content\/uploads\/2025\/11\/cidade.jpg\" alt=\"\">\n                <\/div>\n            <\/div>\n            <div class=\"recomendadorV2Area2\">\n                <div class=\"recomendadorV2Type\">\n                    <span>Cidade milion\u00e1ria<\/span>\n                <\/div>\n                <div class=\"recomendadorV2Title\">\n                <h2><span>Pequena cidade do Brasil abriga fortunas \ud83c\udff0<\/span><\/h2>\n                <\/div>\n                <div class=\"recomendadorV2Desc\">\n                <span>Tanto dinheiro que falta onde guardar<\/span>\n                <\/div>\n                <div class=\"recomendadorV2Button\">Descubra qual \u00e9<\/div>\n                <div class=\"recomendadorV2Alert\"><\/div>\n            <\/div>\n            <\/div>\n        <\/a>\n        <div>\n            <div style=\"z-index:99999;\" id=\"buttonClose\" onclick=\"closeRecomendadorFixed()\">\n            <div class=\"recomendadorCloseFixed\">X<\/div>\n            <\/div>\n            <a href=\"https:\/\/diariodepernambuco.com.br\/dpmais\/pequena-cidade-do-brasil-tem-tanta-gente-rica-que-falta-espaco-pra-colocar-dinheiro\/?utm_source=lazy\" target=\"_blank\" rel=\"noopener\">\n            <div class=\"recomendadorFixedArea\">\n                <div id=\"recomendadorFixed\">\n                <div class=\"recomendadorLeftArea\">\n                    <div class=\"recomendadorImgFixed\">\n                    <img class=\"lazyload\" decoding=\"async\" src=\"https:\/\/diariodepernambuco.audiencelabs.com.br\/wp-content\/uploads\/2025\/11\/cidade.jpg\" alt=\"\">\n                    <\/div>\n                <\/div>\n                <div class=\"recomendadorRightArea\">\n                    <div class=\"recomendadorTitleFixed\">\n                    <h2><span>Pequena cidade do Brasil abriga fortunas \ud83c\udff0<\/span><\/h2>\n                    <\/div>\n                    <div class=\"recomendadorButtonFixed\">Descubra qual \u00e9<\/div>\n                    <div class=\"recomendadorAlertFixed\"><\/div>\n                <\/div>\n                <\/div>\n            <\/div>\n            <\/a>\n        <\/div>\n        <\/div>\n\n\n\n<ul class=\"wp-block-list\">\n<li>S\u00e3o Joaquim (SC) \u2013 Uma das mais conhecidas pelo frio intenso e pela ocorr\u00eancia frequente de neve; j\u00e1 registrou temperaturas abaixo de \u20138 \u00b0C.<\/li>\n<\/ul>\n\n\n\n<ul class=\"wp-block-list\">\n<li>Bom Jardim da Serra (SC) \u2013 Localizada a mais de 1.200 m de altitude, \u00e9 famosa pelos c\u00e2nions e pelas manh\u00e3s cobertas de geada.<\/li>\n<\/ul>\n\n\n\n<ul class=\"wp-block-list\">\n<li>Urubici (SC) \u2013 Tamb\u00e9m na Serra Catarinense, abriga o Morro da Igreja, ponto mais alto habitado do sul do pa\u00eds, onde a sensa\u00e7\u00e3o t\u00e9rmica pode chegar a \u201320 \u00b0C.<\/li>\n<\/ul>\n\n\n\n<ul class=\"wp-block-list\">\n<li>Campos do Jord\u00e3o (SP) \u2013 Conhecida como a \u201cSu\u00ed\u00e7a brasileira\u201d, tem invernos frios e secos, com temperaturas pr\u00f3ximas de 0 \u00b0C.<\/li>\n<\/ul>\n\n\n\n<ul class=\"wp-block-list\">\n<li>S\u00e3o Jos\u00e9 dos Ausentes (RS) \u2013 Situada nos Campos de Cima da Serra, tem altitudes acima de 1.200 m e registros constantes de geada e neve.<\/li>\n<\/ul>\n\n\n\n<ul class=\"wp-block-list\">\n<li>Vacaria (RS) \u2013 Uma das maiores cidades frias do Rio Grande do Sul, com invernos rigorosos e forte tradi\u00e7\u00e3o agropecu\u00e1ria.<\/li>\n<\/ul>\n\n\n\n<ul class=\"wp-block-list\">\n<li>Monte Verde (MG) \u2013 Distrito de Camanducaia, nas montanhas da Mantiqueira, \u00e9 um destino mineiro conhecido pelo frio intenso e pelo turismo rom\u00e2ntico.<\/li>\n<\/ul>\n\n\n\n<ul class=\"wp-block-list\">\n<li>Gon\u00e7alves (MG) \u2013 Tamb\u00e9m na Serra da Mantiqueira, combina natureza exuberante e clima gelado, com m\u00e9dias que chegam a 5 \u00b0C no inverno.<\/li>\n<\/ul>\n\n\n\n<ul class=\"wp-block-list\">\n<li>Palmas (PR) \u2013 A cidade mais fria do Paran\u00e1, com altitudes pr\u00f3ximas de 1.100 m e registros hist\u00f3ricos abaixo de \u20135 \u00b0C.<\/li>\n<\/ul>\n\n\n\n<ul class=\"wp-block-list\">\n<li>Clevel\u00e2ndia (PR) \u2013 Localizada no sudoeste do estado, apresenta invernos longos e frios, com geadas frequentes.<\/li>\n<\/ul>\n\n\n\n<p><\/p>\n","protected":false},"excerpt":{"rendered":"<p>Escondida entre as montanhas da Serra Catarinense, Urupema \u00e9 uma pequena cidade que carrega um t\u00edtulo impressionante: o de lugar mais frio do Brasil. Com suas paisagens cobertas de geada, ventos cortantes e temperaturas que frequentemente ficam abaixo de zero, o munic\u00edpio oferece uma verdadeira experi\u00eancia de inverno rigoroso \u2014 algo raro em terras tropicais. [&hellip;]<\/p>\n","protected":false},"author":4,"featured_media":7920,"comment_status":"open","ping_status":"open","sticky":false,"template":"","format":"standard","meta":{"jnews-multi-image_gallery":[],"jnews_single_post":{"format":"standard"},"jnews_primary_category":[],"jnews_social_meta":[],"jnews_post_split":[],"footnotes":""},"categories":[1],"tags":[],"class_list":["post-7918","post","type-post","status-publish","format-standard","has-post-thumbnail","hentry","category-uncategorized"],"_links":{"self":[{"href":"https:\/\/diariodepernambuco.audiencelabs.com.br\/wp-json\/wp\/v2\/posts\/7918","targetHints":{"allow":["GET"]}}],"collection":[{"href":"https:\/\/diariodepernambuco.audiencelabs.com.br\/wp-json\/wp\/v2\/posts"}],"about":[{"href":"https:\/\/diariodepernambuco.audiencelabs.com.br\/wp-json\/wp\/v2\/types\/post"}],"author":[{"embeddable":true,"href":"https:\/\/diariodepernambuco.audiencelabs.com.br\/wp-json\/wp\/v2\/users\/4"}],"replies":[{"embeddable":true,"href":"https:\/\/diariodepernambuco.audiencelabs.com.br\/wp-json\/wp\/v2\/comments?post=7918"}],"version-history":[{"count":3,"href":"https:\/\/diariodepernambuco.audiencelabs.com.br\/wp-json\/wp\/v2\/posts\/7918\/revisions"}],"predecessor-version":[{"id":8496,"href":"https:\/\/diariodepernambuco.audiencelabs.com.br\/wp-json\/wp\/v2\/posts\/7918\/revisions\/8496"}],"wp:featuredmedia":[{"embeddable":true,"href":"https:\/\/diariodepernambuco.audiencelabs.com.br\/wp-json\/wp\/v2\/media\/7920"}],"wp:attachment":[{"href":"https:\/\/diariodepernambuco.audiencelabs.com.br\/wp-json\/wp\/v2\/media?parent=7918"}],"wp:term":[{"taxonomy":"category","embeddable":true,"href":"https:\/\/diariodepernambuco.audiencelabs.com.br\/wp-json\/wp\/v2\/categories?post=7918"},{"taxonomy":"post_tag","embeddable":true,"href":"https:\/\/diariodepernambuco.audiencelabs.com.br\/wp-json\/wp\/v2\/tags?post=7918"}],"curies":[{"name":"wp","href":"https:\/\/api.w.org\/{rel}","templated":true}]}}