{"id":7923,"date":"2025-11-04T11:30:00","date_gmt":"2025-11-04T14:30:00","guid":{"rendered":"https:\/\/diariodepernambuco.audiencelabs.com.br\/?p=7923"},"modified":"2025-11-03T09:47:13","modified_gmt":"2025-11-03T12:47:13","slug":"brasileiros-que-trabalharam-por-1-ano-seguido-podem-realizar-saque-de-r-2-424","status":"publish","type":"post","link":"https:\/\/diariodepernambuco.audiencelabs.com.br\/brasileiros-que-trabalharam-por-1-ano-seguido-podem-realizar-saque-de-r-2-424\/","title":{"rendered":"Brasileiros que trabalharam por 1 ano seguido podem realizar saque de R$ 2.424"},"content":{"rendered":"\n<p>Trabalhadores brasileiros que exerceram atividade formal por pelo menos um ano podem ter direito a um importante benef\u00edcio financeiro: o seguro-desemprego. O programa, voltado a quem foi demitido sem justa causa, garante uma assist\u00eancia tempor\u00e1ria enquanto o profissional busca uma nova coloca\u00e7\u00e3o no mercado.<\/p>\n\n\n\n<p>Em 2025, o valor m\u00e1ximo das parcelas do benef\u00edcio foi fixado em R$ 2.424,11, destinado \u00e0queles que recebiam sal\u00e1rio m\u00e9dio superior a R$ 3.564,96. O saque pode ser solicitado de forma simples, tanto pela internet quanto nos postos de atendimento autorizados.<\/p>\n\n\n\n<p>Para trabalhadores com sal\u00e1rios inferiores ao teto, o valor do seguro-desemprego \u00e9 calculado de forma proporcional \u00e0 m\u00e9dia salarial dos \u00faltimos tr\u00eas meses antes da demiss\u00e3o. Quem recebia menos de R$ 1.954,96, por exemplo, ter\u00e1 direito ao valor integral correspondente \u00e0 sua remunera\u00e7\u00e3o m\u00e9dia, enquanto aqueles com sal\u00e1rios entre R$ 1.954,97 e R$ 3.564,96 recebem parcelas proporcionais.<\/p>\n\n\n\n<p>O n\u00famero de parcelas tamb\u00e9m varia conforme o tempo trabalhado e a quantidade de solicita\u00e7\u00f5es anteriores, podendo ir de tr\u00eas a cinco pagamentos consecutivos, sempre com o objetivo de apoiar o trabalhador durante a transi\u00e7\u00e3o para um novo emprego.<\/p>\n\n\n\n<h2 class=\"wp-block-heading\">Como solicitar o seguro-desemprego e receber corretamente<\/h2>\n\n\n\n<p>O pedido do seguro-desemprego pode ser realizado de forma pr\u00e1tica pelo site ou aplicativo do Governo Federal, evitando filas e agilizando o processo. Tamb\u00e9m \u00e9 poss\u00edvel fazer a solicita\u00e7\u00e3o presencialmente nas Superintend\u00eancias Regionais do Trabalho ou nos postos de atendimento do SINE, onde o trabalhador deve apresentar documentos como carteira de trabalho, CPF e termo de rescis\u00e3o do contrato de trabalho.<\/p>\n\n\n\n<p>\u00c9 importante ficar atento aos prazos: o seguro-desemprego deve ser solicitado entre 7 e 120 dias ap\u00f3s a demiss\u00e3o, dependendo do tipo de contrato. Al\u00e9m disso, o trabalhador deve conferir se o c\u00e1lculo das parcelas est\u00e1 correto, considerando sal\u00e1rio m\u00e9dio e tempo de servi\u00e7o, garantindo que o benef\u00edcio seja recebido integralmente e dentro dos valores estabelecidos pelo programa.<\/p>\n\n\n\n<p><\/p>\n","protected":false},"excerpt":{"rendered":"<p>Trabalhadores brasileiros que exerceram atividade formal por pelo menos um ano podem ter direito a um importante benef\u00edcio financeiro: o seguro-desemprego. O programa, voltado a quem foi demitido sem justa causa, garante uma assist\u00eancia tempor\u00e1ria enquanto o profissional busca uma nova coloca\u00e7\u00e3o no mercado. Em 2025, o valor m\u00e1ximo das parcelas do benef\u00edcio foi fixado [&hellip;]<\/p>\n","protected":false},"author":4,"featured_media":2129,"comment_status":"open","ping_status":"open","sticky":false,"template":"","format":"standard","meta":{"jnews-multi-image_gallery":[],"jnews_single_post":{"format":"standard"},"jnews_primary_category":[],"jnews_social_meta":[],"jnews_post_split":[],"footnotes":""},"categories":[1],"tags":[],"class_list":["post-7923","post","type-post","status-publish","format-standard","has-post-thumbnail","hentry","category-uncategorized"],"_links":{"self":[{"href":"https:\/\/diariodepernambuco.audiencelabs.com.br\/wp-json\/wp\/v2\/posts\/7923","targetHints":{"allow":["GET"]}}],"collection":[{"href":"https:\/\/diariodepernambuco.audiencelabs.com.br\/wp-json\/wp\/v2\/posts"}],"about":[{"href":"https:\/\/diariodepernambuco.audiencelabs.com.br\/wp-json\/wp\/v2\/types\/post"}],"author":[{"embeddable":true,"href":"https:\/\/diariodepernambuco.audiencelabs.com.br\/wp-json\/wp\/v2\/users\/4"}],"replies":[{"embeddable":true,"href":"https:\/\/diariodepernambuco.audiencelabs.com.br\/wp-json\/wp\/v2\/comments?post=7923"}],"version-history":[{"count":2,"href":"https:\/\/diariodepernambuco.audiencelabs.com.br\/wp-json\/wp\/v2\/posts\/7923\/revisions"}],"predecessor-version":[{"id":7925,"href":"https:\/\/diariodepernambuco.audiencelabs.com.br\/wp-json\/wp\/v2\/posts\/7923\/revisions\/7925"}],"wp:featuredmedia":[{"embeddable":true,"href":"https:\/\/diariodepernambuco.audiencelabs.com.br\/wp-json\/wp\/v2\/media\/2129"}],"wp:attachment":[{"href":"https:\/\/diariodepernambuco.audiencelabs.com.br\/wp-json\/wp\/v2\/media?parent=7923"}],"wp:term":[{"taxonomy":"category","embeddable":true,"href":"https:\/\/diariodepernambuco.audiencelabs.com.br\/wp-json\/wp\/v2\/categories?post=7923"},{"taxonomy":"post_tag","embeddable":true,"href":"https:\/\/diariodepernambuco.audiencelabs.com.br\/wp-json\/wp\/v2\/tags?post=7923"}],"curies":[{"name":"wp","href":"https:\/\/api.w.org\/{rel}","templated":true}]}}