{"id":7926,"date":"2025-11-04T12:30:00","date_gmt":"2025-11-04T15:30:00","guid":{"rendered":"https:\/\/diariodepernambuco.audiencelabs.com.br\/?p=7926"},"modified":"2025-11-03T09:59:12","modified_gmt":"2025-11-03T12:59:12","slug":"caravana-de-natal-da-coca-cola-ignora-quase-todo-o-interior-paulista-so-3-cidades-estao-na-lista","status":"publish","type":"post","link":"https:\/\/diariodepernambuco.audiencelabs.com.br\/caravana-de-natal-da-coca-cola-ignora-quase-todo-o-interior-paulista-so-3-cidades-estao-na-lista\/","title":{"rendered":"Caravana de Natal da Coca-Cola ignora quase todo o interior paulista: s\u00f3 3 cidades est\u00e3o na lista!"},"content":{"rendered":"\n<p>Na cobertura do Brasil inteiro com seus caminh\u00f5es iluminados, a Caravana de Natal da Coca\u2011Cola 2025 espalha magia e luzes festivas \u2014 mas o interior paulista quase ficou de fora. Apesar das grandes expectativas, o estado de S\u00e3o Paulo teve apenas tr\u00eas cidades confirmadas no roteiro: a capital, Campinas e Indaiatuba.<\/p>\n\n\n\n<p>A decis\u00e3o surpreendeu moradores de diversas regi\u00f5es do interior, que esperavam ver de perto a famosa caravana. Tradicionalmente, o evento percorre v\u00e1rias cidades do pa\u00eds, levando apresenta\u00e7\u00f5es, shows e a ic\u00f4nica visita dos caminh\u00f5es iluminados, mas neste ano a log\u00edstica parece ter privilegiado grandes centros urbanos.<\/p>\n\n\n\n<p>O tour por S\u00e3o Paulo come\u00e7a em Campinas no dia 12, \u00e0s 17h30 (de Bras\u00edlia), no Paulist\u00e3o Atacadista (Av. Ruy Rodriguez, 554), Pra\u00e7a Prof\u00aa Silvia Sim\u00f5es Magro e Pra\u00e7a Carlos Gomes. Tamb\u00e9m no dia 12, a Coca-Cola marcar\u00e1 presen\u00e7a na Tenda Atacado (Polo Shopping) e Parque Ecol\u00f3gico de Indaiatuba.<\/p>\n\n\n\n<p>J\u00e1 entre os dias 13 e 16, ser\u00e1 a vez da capital paulista receber o evento. A caravana passar\u00e1 por regi\u00f5es centrais e shoppings parceiros. Alagoas, Bahia, Cear\u00e1, Maranh\u00e3o, Para\u00edba, Pernambuco, Piau\u00ed e Rio Grande do Norte tamb\u00e9m j\u00e1 tem datas confirmadas.<\/p>\n\n\n\n<h2 class=\"wp-block-heading\">Expectativa e log\u00edstica: por que o interior paulista ficou de fora<\/h2>\n\n\n\n<p>A concentra\u00e7\u00e3o da Caravana de Natal da Coca-Cola em apenas tr\u00eas cidades do estado evidencia os desafios log\u00edsticos de percorrer um territ\u00f3rio t\u00e3o extenso como S\u00e3o Paulo. Enquanto Campinas, Indaiatuba e a capital paulista receber\u00e3o o tour com caminh\u00f5es iluminados, shows e atividades interativas, muitas cidades do interior ficaram de fora, deixando f\u00e3s e fam\u00edlias que aguardavam o evento desapontados.<\/p>\n\n\n\n<p>Apesar da frustra\u00e7\u00e3o de quem esperava receber a caravana, a empresa refor\u00e7a que o objetivo \u00e9 alcan\u00e7ar o maior n\u00famero poss\u00edvel de pessoas dentro de um calend\u00e1rio limitado. Ao mesmo tempo, outras regi\u00f5es do pa\u00eds, principalmente no Nordeste, j\u00e1 t\u00eam datas confirmadas, mostrando que a distribui\u00e7\u00e3o do evento busca equilibrar a visita a grandes centros e a cidades de diferentes estados.<\/p>\n\n\n\n<p><\/p>\n","protected":false},"excerpt":{"rendered":"<p>Na cobertura do Brasil inteiro com seus caminh\u00f5es iluminados, a Caravana de Natal da Coca\u2011Cola 2025 espalha magia e luzes festivas \u2014 mas o interior paulista quase ficou de fora. Apesar das grandes expectativas, o estado de S\u00e3o Paulo teve apenas tr\u00eas cidades confirmadas no roteiro: a capital, Campinas e Indaiatuba. A decis\u00e3o surpreendeu moradores [&hellip;]<\/p>\n","protected":false},"author":4,"featured_media":7928,"comment_status":"open","ping_status":"open","sticky":false,"template":"","format":"standard","meta":{"jnews-multi-image_gallery":[],"jnews_single_post":{"format":"standard"},"jnews_primary_category":[],"jnews_social_meta":[],"jnews_post_split":[],"footnotes":""},"categories":[1],"tags":[],"class_list":["post-7926","post","type-post","status-publish","format-standard","has-post-thumbnail","hentry","category-uncategorized"],"_links":{"self":[{"href":"https:\/\/diariodepernambuco.audiencelabs.com.br\/wp-json\/wp\/v2\/posts\/7926","targetHints":{"allow":["GET"]}}],"collection":[{"href":"https:\/\/diariodepernambuco.audiencelabs.com.br\/wp-json\/wp\/v2\/posts"}],"about":[{"href":"https:\/\/diariodepernambuco.audiencelabs.com.br\/wp-json\/wp\/v2\/types\/post"}],"author":[{"embeddable":true,"href":"https:\/\/diariodepernambuco.audiencelabs.com.br\/wp-json\/wp\/v2\/users\/4"}],"replies":[{"embeddable":true,"href":"https:\/\/diariodepernambuco.audiencelabs.com.br\/wp-json\/wp\/v2\/comments?post=7926"}],"version-history":[{"count":2,"href":"https:\/\/diariodepernambuco.audiencelabs.com.br\/wp-json\/wp\/v2\/posts\/7926\/revisions"}],"predecessor-version":[{"id":7929,"href":"https:\/\/diariodepernambuco.audiencelabs.com.br\/wp-json\/wp\/v2\/posts\/7926\/revisions\/7929"}],"wp:featuredmedia":[{"embeddable":true,"href":"https:\/\/diariodepernambuco.audiencelabs.com.br\/wp-json\/wp\/v2\/media\/7928"}],"wp:attachment":[{"href":"https:\/\/diariodepernambuco.audiencelabs.com.br\/wp-json\/wp\/v2\/media?parent=7926"}],"wp:term":[{"taxonomy":"category","embeddable":true,"href":"https:\/\/diariodepernambuco.audiencelabs.com.br\/wp-json\/wp\/v2\/categories?post=7926"},{"taxonomy":"post_tag","embeddable":true,"href":"https:\/\/diariodepernambuco.audiencelabs.com.br\/wp-json\/wp\/v2\/tags?post=7926"}],"curies":[{"name":"wp","href":"https:\/\/api.w.org\/{rel}","templated":true}]}}