{"id":7944,"date":"2025-11-04T15:30:00","date_gmt":"2025-11-04T18:30:00","guid":{"rendered":"https:\/\/diariodepernambuco.audiencelabs.com.br\/?p=7944"},"modified":"2025-11-06T18:42:43","modified_gmt":"2025-11-06T21:42:43","slug":"cidade-brasileira-onde-ninguem-tranca-a-porta-o-segredo-do-lugar-mais-seguro-do-pais","status":"publish","type":"post","link":"https:\/\/diariodepernambuco.audiencelabs.com.br\/cidade-brasileira-onde-ninguem-tranca-a-porta-o-segredo-do-lugar-mais-seguro-do-pais\/","title":{"rendered":"Cidade brasileira onde ningu\u00e9m tranca a porta: o segredo do lugar mais seguro do pa\u00eds"},"content":{"rendered":"\n<p>Escondida no interior de Minas Gerais, a pequena cidade de Serra da Saudade guarda um segredo que desperta curiosidade em todo o pa\u00eds: por l\u00e1, ningu\u00e9m sente necessidade de trancar a porta de casa. Com pouco mais de 800 habitantes e ruas tranquilas, o munic\u00edpio se destaca por \u00edndices de criminalidade praticamente inexistentes, criando um ambiente de confian\u00e7a e conviv\u00eancia comunit\u00e1ria rara nos dias atuais.<\/p>\n\n\n\n<p>Segundo o Instituto Brasileiro de Geografia e Estat\u00edstica (IBGE), o munic\u00edpio registrou apenas 833 moradores no Censo de 2022, o que o torna o menos populoso do Brasil. Al\u00e9m disso, nos \u00faltimos 12\u202fanos, a quantidade de crimes violentos registrados na cidade foi de apenas cinco, o que evidencia o grau raro de seguran\u00e7a entre seus habitantes<\/p>\n\n\n\n<p>Foto: Prefeitura Serra da Saudade \/ Divulga\u00e7\u00e3o<\/p>\n\n\n\n<p>A explica\u00e7\u00e3o desse cen\u00e1rio est\u00e1, em grande parte, na forte coes\u00e3o social e nos v\u00ednculos estreitos entre os moradores. Em uma comunidade com poucas centenas de pessoas, \u201cconhecer todos\u201d n\u00e3o \u00e9 figura de linguagem \u2014 \u00e9 parte da realidade local.<\/p>\n\n\n\n<h2 class=\"wp-block-heading\">Cidade Segura<\/h2>\n\n\n\n<p>Na menor cidade do pa\u00eds, h\u00e1 moradores que n\u00e3o possuem vizinhos pr\u00f3ximos. Na Rua Rio de Janeiro, no Bairro S\u00e3o Geraldo, existe apenas uma resid\u00eancia. O Wi\u2011fi \u00e9 gratuito e est\u00e1 dispon\u00edvel em toda a regi\u00e3o central, incluindo os arredores da pra\u00e7a. A criminalidade \u00e9 praticamente inexistente: o \u00faltimo homic\u00eddio registrado aconteceu h\u00e1 mais de 50 anos.<\/p>\n\n\n\n<p>Serra da Saudade: seguran\u00e7a, conviv\u00eancia e qualidade de vida<\/p>\n\n\n<style>@media (min-width: 992px) {\n    .recomendadorV2Area1 {\n        width: 280px;\n    }\n    .recomendadorV2Area2 {\n        padding: 0px 20px;\n        width: calc(100% - 280px);\n    }\n}\n\n@media (max-width: 992px) {\n    .recomendadorV2Button {\n        margin: 0 auto;\n    }\n    .recomendadorV2Area {\n        flex-direction: column;\n        text-align: center;\n    }\n    .recomendadorV2Area2 {\n        padding: 0px 20px;\n    }\n}\n\n.recomendadorV2Area {\n    background: #eeeeee3d;\n    border-radius: 10px;\n    padding: 15px;\n    display: flex;\n    margin: 15px auto;\n    border: 1px solid #00000014;\n    max-width: 800px;\n}\n\n.recomendadorV2Area1 img {\n    width: 280px;\n    height: auto;\n    border-radius: 8px;\n}\n\n.linkrecomendadorv2 {\n    text-decoration: none !important;\n}\n\n.recomendadorV2Area2 .recomendadorV2Type {\n    text-transform: uppercase;\n    font-weight: 500;\n    font-size: 11px;\n    letter-spacing: 2px;\n    color: #666;\n    margin: 12px 0;\n    display: block;\n}\n\n.recomendadorV2Title h2 {\n    padding-top: 0px !important;\n    margin: 0px !important;\n    border-left: none !important;\n    padding-left: 0px !important;\n    line-height: 1.3;\n    color: #000 !important;\n    font-size: 24px;\n    margin-bottom: 12px !important;\n}\n\n.recomendadorV2Desc {\n    color: #333;\n    margin: 12px 0px !important;\n    font-size: 15px;\n    line-height: 1.5;\n}\n\n.recomendadorV2Button {\n    width: auto;\n    max-width: 200px;\n    margin: 0;\n    display: inline-flex;\n    align-items: center;\n    background: #1D3557;\n    border-radius: 8px;\n    color: #fff;\n    height: 36px;\n    justify-content: center;\n    text-align: center;\n    font-size: 14px;\n    padding: 0 20px;\n    transition: background-color 0.2s ease;\n}\n\n.recomendadorV2Button:hover {\n    background: #2a4d7a;\n}\n\n.recomendadorV2Button:after {\n    margin-top: -2px;\n    content: \"\u2192\";\n    padding: 0px 0px 0px 8px;\n}\n\n.recomendadorV2Alert {\n    text-align: left;\n    font-size: 11px;\n    margin-top: 8px;\n    color: #666;\n}\n\n.recomendadorFixedArea {\n    width: 100%;\n    display: flex;\n    justify-content: center;\n    align-items: center;\n}\n\n@media (min-width: 992px) {\n    #recomendadorFixed {\n        width: 32% !important;\n        left: 5%;\n    }\n    .recomendadorCloseFixed{\n        right: inherit !important;\n        left: 378px !important;\n    }\n}\n\n#recomendadorFixed {\n    width: 90%;\n    box-shadow: 0 10px 20px 0px #00000057;\n    display: none;\n    height: 90px;\n    background: #F6F6F6;\n    position: fixed;\n    flex-direction: row;\n    bottom: 10px;\n    z-index: 9999;\n    border-radius: 16px;\n    padding: 7px 10px;\n}\n\n.recomendadorLeftArea {\n    width: 160px;\n}\n\n.recomendadorRightArea h2 {\n    padding-top: 0px;\n    margin: 2px 0px 4px 0px !important;\n    font-weight: 400;\n    text-align: center;\n    padding-left: 0px !important;\n    color: #000 !important;\n    border-left: none !important;\n    line-height: 20px;\n    font-size: 12px !important;\n}\n\n.recomendadorImgFixed {\n    overflow: hidden;\n    padding: 8px 6px;\n    height: 100%;\n}\n\n.recomendadorImgFixed img {\n    height: 100% !important;\n    border-radius: 16px;\n}\n\n.recomendadorRightArea {\n    padding-top: 6px;\n    display: flex;\n    width: calc(100% - 130px);\n    justify-content: space-between;\n    align-items: center;\n    flex-direction: column;\n}\n\n.recomendadorButtonFixed {\n    margin: 0 auto;\n    background: #1D3557;\n    width: 80%;\n    text-align: center;\n    font-size: 10px;\n    color: #FFF;\n    padding: 2px 10px;\n    border-radius: 3px;\n}\n\n.recomendadorButtonFixed:after {\n    margin-top: -3px;\n    content: \"\u2192\";\n    padding: 0px 0px 0px 10px;\n}\n\n.recomendadorAlertFixed {\n    font-weight: 400;\n    text-align: center;\n    color: #484848;\n    font-size: 8px;\n}\n\n.recomendadorCloseFixed {\n    z-index: 99999;\n    display: none;\n    right: 0px;\n    left: inherit;\n    bottom: 99px;\n    position: fixed;\n    justify-content: center;\n    background: #F6F6F6;\n    width: 25px;\n    align-items: center;\n    height: 25px;\n    font-weight: 800;\n    border-radius: 50%;\n    border: 1px solid #EBEBEB;\n}\n\n.recomendadorV2Desc{\n    color: #000000;\n    margin: 20px 0px;\n}\n\n@media (max-width: 576px) {\n    .recomendadorV2Area {\n      padding: 10px;\n      max-width: 100%;\n    }\n  \n    .recomendadorV2Area1 img {\n      width: 100%;\n      border-radius: 6px;\n    }\n  \n    .recomendadorV2Area2 .recomendadorV2Type {\n      font-size: 9px;\n      letter-spacing: 1px;\n      margin: 8px 0;\n    }\n  \n    .recomendadorV2Title h2 {\n      font-size: 18px !important;\n      margin-bottom: 8px !important;\n      line-height: 1.2;\n    }\n  \n    .recomendadorV2Desc {\n      font-size: 14px;\n      margin: 8px 0 !important;\n      line-height: 1.4;\n    }\n  \n    .recomendadorV2Button {\n      font-size: 12px;\n      height: 30px;\n      padding: 0 12px;\n      max-width: 160px;\n    }\n  \n    .recomendadorV2Button:after {\n      padding-left: 6px;\n    }\n  }\n  <\/style>\n        <div class=\"lazyblock-recomendador-v2-2jDGz wp-block-lazyblock-recomendador-v2\">\n        <a class=\"linkrecomendadorv2\" href=\"https:\/\/diariodepernambuco.com.br\/dpmais\/pequena-cidade-do-brasil-tem-tanta-gente-rica-que-falta-espaco-pra-colocar-dinheiro\/?utm_source=lazy\" target=\"_blank\" rel=\"noopener\">\n            <div class=\"recomendadorV2Area\">\n            <div class=\"recomendadorV2Area1\">\n                <div class=\"recomendadorV2Img\">\n                <img class=\"lazyloaded\" decoding=\"async\" src=\"https:\/\/diariodepernambuco.audiencelabs.com.br\/wp-content\/uploads\/2025\/11\/cidade.jpg\" data-src=\"https:\/\/diariodepernambuco.audiencelabs.com.br\/wp-content\/uploads\/2025\/11\/cidade.jpg\" alt=\"\">\n                <\/div>\n            <\/div>\n            <div class=\"recomendadorV2Area2\">\n                <div class=\"recomendadorV2Type\">\n                    <span>Cidade milion\u00e1ria<\/span>\n                <\/div>\n                <div class=\"recomendadorV2Title\">\n                <h2><span>Pequena cidade do Brasil abriga fortunas \ud83c\udff0<\/span><\/h2>\n                <\/div>\n                <div class=\"recomendadorV2Desc\">\n                <span>Tanto dinheiro que falta onde guardar<\/span>\n                <\/div>\n                <div class=\"recomendadorV2Button\">Descubra qual \u00e9<\/div>\n                <div class=\"recomendadorV2Alert\"><\/div>\n            <\/div>\n            <\/div>\n        <\/a>\n        <div>\n            <div style=\"z-index:99999;\" id=\"buttonClose\" onclick=\"closeRecomendadorFixed()\">\n            <div class=\"recomendadorCloseFixed\">X<\/div>\n            <\/div>\n            <a href=\"https:\/\/diariodepernambuco.com.br\/dpmais\/pequena-cidade-do-brasil-tem-tanta-gente-rica-que-falta-espaco-pra-colocar-dinheiro\/?utm_source=lazy\" target=\"_blank\" rel=\"noopener\">\n            <div class=\"recomendadorFixedArea\">\n                <div id=\"recomendadorFixed\">\n                <div class=\"recomendadorLeftArea\">\n                    <div class=\"recomendadorImgFixed\">\n                    <img class=\"lazyload\" decoding=\"async\" src=\"https:\/\/diariodepernambuco.audiencelabs.com.br\/wp-content\/uploads\/2025\/11\/cidade.jpg\" alt=\"\">\n                    <\/div>\n                <\/div>\n                <div class=\"recomendadorRightArea\">\n                    <div class=\"recomendadorTitleFixed\">\n                    <h2><span>Pequena cidade do Brasil abriga fortunas \ud83c\udff0<\/span><\/h2>\n                    <\/div>\n                    <div class=\"recomendadorButtonFixed\">Descubra qual \u00e9<\/div>\n                    <div class=\"recomendadorAlertFixed\"><\/div>\n                <\/div>\n                <\/div>\n            <\/div>\n            <\/a>\n        <\/div>\n        <\/div>\n\n\n\n<p>O segredo de Serra da Saudade est\u00e1 na uni\u00e3o e no cuidado m\u00fatuo entre os moradores. Em uma cidade t\u00e3o pequena, a proximidade gera confian\u00e7a e vigil\u00e2ncia natural: vizinhos se conhecem, se ajudam e mant\u00eam uma rotina de solidariedade que praticamente elimina a necessidade de medidas de seguran\u00e7a comuns em outras localidades.<\/p>\n\n\n\n<p>Essa conviv\u00eancia fortalece o senso de comunidade e faz com que a vida na cidade seja tranquila e previs\u00edvel, mesmo para quem mora sozinho ou em ruas pouco movimentadas.Escondida no interior de Minas Gerais, a pequena cidade de Serra da Saudade guarda um segredo que desperta curiosidade em todo o pa\u00eds: por l\u00e1, ningu\u00e9m sente necessidade de trancar a porta de casa. Com pouco mais de 800 habitantes e ruas tranquilas, o munic\u00edpio se destaca por \u00edndices de criminalidade praticamente inexistentes, criando um ambiente de confian\u00e7a e conviv\u00eancia comunit\u00e1ria rara nos dias atuais.<\/p>\n\n\n\n<p>Segundo o Instituto Brasileiro de Geografia e Estat\u00edstica (IBGE), o munic\u00edpio registrou apenas 833 moradores no Censo de 2022, o que o torna o menos populoso do Brasil. Al\u00e9m disso, nos \u00faltimos 12\u202fanos, a quantidade de crimes violentos registrados na cidade foi de apenas cinco, o que evidencia o grau raro de seguran\u00e7a entre seus habitantes.<\/p>\n\n\n<div class=\"wp-block-image\">\n<figure class=\"aligncenter size-large is-resized\"><img loading=\"lazy\" decoding=\"async\" width=\"1024\" height=\"598\" src=\"https:\/\/diariodepernambuco.audiencelabs.com.br\/wp-content\/uploads\/2025\/11\/Serra-da-Saudade-1024x598.jpeg\" alt=\"\" class=\"wp-image-7947\" style=\"width:536px;height:auto\" srcset=\"https:\/\/diariodepernambuco.audiencelabs.com.br\/wp-content\/uploads\/2025\/11\/Serra-da-Saudade-1024x598.jpeg 1024w, https:\/\/diariodepernambuco.audiencelabs.com.br\/wp-content\/uploads\/2025\/11\/Serra-da-Saudade-300x175.jpeg 300w, https:\/\/diariodepernambuco.audiencelabs.com.br\/wp-content\/uploads\/2025\/11\/Serra-da-Saudade-768x448.jpeg 768w, https:\/\/diariodepernambuco.audiencelabs.com.br\/wp-content\/uploads\/2025\/11\/Serra-da-Saudade-750x438.jpeg 750w, https:\/\/diariodepernambuco.audiencelabs.com.br\/wp-content\/uploads\/2025\/11\/Serra-da-Saudade-1140x666.jpeg 1140w, https:\/\/diariodepernambuco.audiencelabs.com.br\/wp-content\/uploads\/2025\/11\/Serra-da-Saudade.jpeg 1199w\" sizes=\"auto, (max-width: 1024px) 100vw, 1024px\" \/><figcaption class=\"wp-element-caption\">Foto: Prefeitura Serra da Saudade \/ Divulga\u00e7\u00e3o<\/figcaption><\/figure>\n<\/div>\n\n\n<p>A explica\u00e7\u00e3o desse cen\u00e1rio est\u00e1, em grande parte, na forte coes\u00e3o social e nos v\u00ednculos estreitos entre os moradores. Em uma comunidade com poucas centenas de pessoas, \u201cconhecer todos\u201d n\u00e3o \u00e9 figura de linguagem \u2014 \u00e9 parte da realidade local.<\/p>\n\n\n\n<p>Na menor cidade do pa\u00eds, h\u00e1 moradores que n\u00e3o possuem vizinhos pr\u00f3ximos. Na Rua Rio de Janeiro, no Bairro S\u00e3o Geraldo, existe apenas uma resid\u00eancia. O Wi\u2011fi \u00e9 gratuito e est\u00e1 dispon\u00edvel em toda a regi\u00e3o central, incluindo os arredores da pra\u00e7a. A criminalidade \u00e9 praticamente inexistente: o \u00faltimo homic\u00eddio registrado aconteceu h\u00e1 mais de 50 anos.<\/p>\n\n\n\n<h2 class=\"wp-block-heading\">Serra da Saudade: seguran\u00e7a, conviv\u00eancia e qualidade de vida<\/h2>\n\n\n\n<p>O segredo de Serra da Saudade est\u00e1 na uni\u00e3o e no cuidado m\u00fatuo entre os moradores. Em uma cidade t\u00e3o pequena, a proximidade gera confian\u00e7a e vigil\u00e2ncia natural: vizinhos se conhecem, se ajudam e mant\u00eam uma rotina de solidariedade que praticamente elimina a necessidade de medidas de seguran\u00e7a comuns em outras localidades.<\/p>\n\n\n\n<p>Essa conviv\u00eancia fortalece o senso de comunidade e faz com que a vida na cidade seja tranquila e previs\u00edvel, mesmo para quem mora sozinho ou em ruas pouco movimentadas. Com Wi\u2011fi gratuito na regi\u00e3o central, ruas silenciosas e a aus\u00eancia de grandes centros urbanos pr\u00f3ximos, Serra da Saudade proporciona um cotidiano calmo e conectado.<\/p>\n\n\n\n<p><\/p>\n","protected":false},"excerpt":{"rendered":"<p>Escondida no interior de Minas Gerais, a pequena cidade de Serra da Saudade guarda um segredo que desperta curiosidade em todo o pa\u00eds: por l\u00e1, ningu\u00e9m sente necessidade de trancar a porta de casa. Com pouco mais de 800 habitantes e ruas tranquilas, o munic\u00edpio se destaca por \u00edndices de criminalidade praticamente inexistentes, criando um [&hellip;]<\/p>\n","protected":false},"author":4,"featured_media":7946,"comment_status":"open","ping_status":"open","sticky":false,"template":"","format":"standard","meta":{"jnews-multi-image_gallery":[],"jnews_single_post":{"format":"standard"},"jnews_primary_category":[],"jnews_social_meta":[],"jnews_post_split":[],"footnotes":""},"categories":[1],"tags":[],"class_list":["post-7944","post","type-post","status-publish","format-standard","has-post-thumbnail","hentry","category-uncategorized"],"_links":{"self":[{"href":"https:\/\/diariodepernambuco.audiencelabs.com.br\/wp-json\/wp\/v2\/posts\/7944","targetHints":{"allow":["GET"]}}],"collection":[{"href":"https:\/\/diariodepernambuco.audiencelabs.com.br\/wp-json\/wp\/v2\/posts"}],"about":[{"href":"https:\/\/diariodepernambuco.audiencelabs.com.br\/wp-json\/wp\/v2\/types\/post"}],"author":[{"embeddable":true,"href":"https:\/\/diariodepernambuco.audiencelabs.com.br\/wp-json\/wp\/v2\/users\/4"}],"replies":[{"embeddable":true,"href":"https:\/\/diariodepernambuco.audiencelabs.com.br\/wp-json\/wp\/v2\/comments?post=7944"}],"version-history":[{"count":4,"href":"https:\/\/diariodepernambuco.audiencelabs.com.br\/wp-json\/wp\/v2\/posts\/7944\/revisions"}],"predecessor-version":[{"id":8495,"href":"https:\/\/diariodepernambuco.audiencelabs.com.br\/wp-json\/wp\/v2\/posts\/7944\/revisions\/8495"}],"wp:featuredmedia":[{"embeddable":true,"href":"https:\/\/diariodepernambuco.audiencelabs.com.br\/wp-json\/wp\/v2\/media\/7946"}],"wp:attachment":[{"href":"https:\/\/diariodepernambuco.audiencelabs.com.br\/wp-json\/wp\/v2\/media?parent=7944"}],"wp:term":[{"taxonomy":"category","embeddable":true,"href":"https:\/\/diariodepernambuco.audiencelabs.com.br\/wp-json\/wp\/v2\/categories?post=7944"},{"taxonomy":"post_tag","embeddable":true,"href":"https:\/\/diariodepernambuco.audiencelabs.com.br\/wp-json\/wp\/v2\/tags?post=7944"}],"curies":[{"name":"wp","href":"https:\/\/api.w.org\/{rel}","templated":true}]}}