{"id":7957,"date":"2025-11-03T13:04:12","date_gmt":"2025-11-03T16:04:12","guid":{"rendered":"https:\/\/diariodepernambuco.audiencelabs.com.br\/?p=7957"},"modified":"2025-11-03T13:04:19","modified_gmt":"2025-11-03T16:04:19","slug":"flamengo-ganha-segunda-chance-e-vai-enfrentar-o-atletico-mineiro-na-copa-do-brasil-novamente","status":"publish","type":"post","link":"https:\/\/diariodepernambuco.audiencelabs.com.br\/flamengo-ganha-segunda-chance-e-vai-enfrentar-o-atletico-mineiro-na-copa-do-brasil-novamente\/","title":{"rendered":"Flamengo ganha segunda chance e vai enfrentar o Atl\u00e9tico Mineiro na Copa do Brasil novamente"},"content":{"rendered":"\n<p>O Flamengo ter\u00e1 nesta semana uma nova oportunidade de medir for\u00e7as com o Atl\u00e9tico Mineiro em um duelo decisivo pela <a href=\"https:\/\/diariodepernambuco.com.br\/dpmais\/semifinais-da-copa-do-brasil-definidas-confira-as-datas\/\" target=\"_blank\" rel=\"noopener\"><strong>Copa do Brasil<\/strong><\/a>. <\/p>\n\n\n\n<p>Depois de amargar uma elimina\u00e7\u00e3o traum\u00e1tica para o Galo com o time profissional em agosto, o clube carioca reencontra o rival mineiro, agora com sua equipe sub-20, em busca de revanche e classifica\u00e7\u00e3o \u00e0s quartas de final da competi\u00e7\u00e3o da categoria. <\/p>\n\n\n\n<p>Derrotado no jogo de ida, o Rubro-Negro ter\u00e1 de mostrar poder de rea\u00e7\u00e3o em casa para seguir vivo no torneio e, de quebra, exorcizar o fantasma recente deixado pelos confrontos contra os alvinegros.<\/p>\n\n\n\n<h2 class=\"wp-block-heading\">Flamengo ganha segunda chance e vai enfrentar o Atl\u00e9tico Mineiro na Copa do Brasil novamente<\/h2>\n\n\n\n<p>Na \u00faltima quarta-feira, dia 29 de outubro, o Flamengo sub-20 foi superado por 2 a 0 pelo Atl\u00e9tico Mineiro no Sesc Venda Nova, em Belo Horizonte. <\/p>\n\n\n\n<p>Jo\u00e3o Marcelo, centroavante do Galo, marcou os dois gols ainda no primeiro tempo, aproveitando a superioridade mineira nos minutos iniciais. O Rubro-Negro at\u00e9 tentou reagir no segundo tempo e chegou a balan\u00e7ar as redes, mas o gol foi anulado por impedimento. <\/p>\n\n\n\n<p>Com expuls\u00f5es dos dois lados e poucas chances claras, o placar permaneceu inalterado na etapa final.<\/p>\n\n\n\n<p>Agora, para avan\u00e7ar \u00e0s quartas de final, o Flamengo precisa vencer nesta semana por pelo menos tr\u00eas gols de diferen\u00e7a no duelo de volta, que ser\u00e1 disputado nesta quarta-feira (5), \u00e0s 16h30, no Est\u00e1dio Luso Brasileiro, no Rio de Janeiro. <\/p>\n\n\n\n<p>Caso devolva o 2 a 0, a decis\u00e3o ir\u00e1 para os p\u00eanaltis. Uma vit\u00f3ria simples n\u00e3o basta: o Rubro-Negro precisa ser eficaz e contundente.<\/p>\n\n\n\n<h3 class=\"wp-block-heading\">Vit\u00f3ria do Flamengo no sub-20 pode amenizar elimina\u00e7\u00e3o do time profissional<\/h3>\n\n\n\n<p>Esse novo encontro com o Atl\u00e9tico-MG ganha contornos simb\u00f3licos ao relembrar o confronto entre os times principais pelas oitavas de final da <a href=\"https:\/\/www.cbf.com.br\/futebol-brasileiro\/tabelas\/copa-do-brasil\/masculino\" target=\"_blank\" rel=\"noopener\"><strong>Copa do Brasil <\/strong><\/a>no in\u00edcio de agosto. <\/p>\n\n\n\n<p>Naquela ocasi\u00e3o, o Flamengo tamb\u00e9m chegou ao segundo jogo em desvantagem ap\u00f3s perder por 1 a 0 no Maracan\u00e3. Apesar de igualar o placar na Arena MRV, a equipe acabou eliminada nos p\u00eanaltis ap\u00f3s erros de jovens jogadores como Samuel Lino e Wallace Yan.<\/p>\n\n\n\n<p>Dessa forma, o compromisso desta semana representa mais do que uma simples tentativa de classifica\u00e7\u00e3o. \u00c9 uma chance de reverter o cen\u00e1rio de frustra\u00e7\u00e3o recente e mostrar a for\u00e7a da nova gera\u00e7\u00e3o rubro-negra. <\/p>\n\n\n\n<p>Para o Flamengo, vencer o Atl\u00e9tico-MG no sub-20 pode ser o primeiro passo para virar a p\u00e1gina e reconquistar a confian\u00e7a do time e dos torcedores em confrontos decisivos.<\/p>\n\n\n\n<p><\/p>\n","protected":false},"excerpt":{"rendered":"<p>O Flamengo ter\u00e1 nesta semana uma nova oportunidade de medir for\u00e7as com o Atl\u00e9tico Mineiro em um duelo decisivo pela Copa do Brasil. Depois de amargar uma elimina\u00e7\u00e3o traum\u00e1tica para o Galo com o time profissional em agosto, o clube carioca reencontra o rival mineiro, agora com sua equipe sub-20, em busca de revanche e [&hellip;]<\/p>\n","protected":false},"author":12,"featured_media":7959,"comment_status":"open","ping_status":"open","sticky":false,"template":"","format":"standard","meta":{"jnews-multi-image_gallery":[],"jnews_single_post":{"format":"standard"},"jnews_primary_category":[],"jnews_social_meta":[],"jnews_post_split":[],"footnotes":""},"categories":[1],"tags":[],"class_list":["post-7957","post","type-post","status-publish","format-standard","has-post-thumbnail","hentry","category-uncategorized"],"_links":{"self":[{"href":"https:\/\/diariodepernambuco.audiencelabs.com.br\/wp-json\/wp\/v2\/posts\/7957","targetHints":{"allow":["GET"]}}],"collection":[{"href":"https:\/\/diariodepernambuco.audiencelabs.com.br\/wp-json\/wp\/v2\/posts"}],"about":[{"href":"https:\/\/diariodepernambuco.audiencelabs.com.br\/wp-json\/wp\/v2\/types\/post"}],"author":[{"embeddable":true,"href":"https:\/\/diariodepernambuco.audiencelabs.com.br\/wp-json\/wp\/v2\/users\/12"}],"replies":[{"embeddable":true,"href":"https:\/\/diariodepernambuco.audiencelabs.com.br\/wp-json\/wp\/v2\/comments?post=7957"}],"version-history":[{"count":1,"href":"https:\/\/diariodepernambuco.audiencelabs.com.br\/wp-json\/wp\/v2\/posts\/7957\/revisions"}],"predecessor-version":[{"id":7973,"href":"https:\/\/diariodepernambuco.audiencelabs.com.br\/wp-json\/wp\/v2\/posts\/7957\/revisions\/7973"}],"wp:featuredmedia":[{"embeddable":true,"href":"https:\/\/diariodepernambuco.audiencelabs.com.br\/wp-json\/wp\/v2\/media\/7959"}],"wp:attachment":[{"href":"https:\/\/diariodepernambuco.audiencelabs.com.br\/wp-json\/wp\/v2\/media?parent=7957"}],"wp:term":[{"taxonomy":"category","embeddable":true,"href":"https:\/\/diariodepernambuco.audiencelabs.com.br\/wp-json\/wp\/v2\/categories?post=7957"},{"taxonomy":"post_tag","embeddable":true,"href":"https:\/\/diariodepernambuco.audiencelabs.com.br\/wp-json\/wp\/v2\/tags?post=7957"}],"curies":[{"name":"wp","href":"https:\/\/api.w.org\/{rel}","templated":true}]}}